{"id":249463,"date":"2022-04-06T18:37:03","date_gmt":"2022-04-06T16:37:03","guid":{"rendered":"https:\/\/zjarr.tv\/?p=249463"},"modified":"2022-04-06T18:37:03","modified_gmt":"2022-04-06T16:37:03","slug":"mblidhet-asambleja-e-ps-se-damian-gjiknuri-mandati-i-trete-qeverises-do-te-jete-inovativ","status":"publish","type":"post","link":"https:\/\/zjarr.tv\/sq\/mblidhet-asambleja-e-ps-se-damian-gjiknuri-mandati-i-trete-qeverises-do-te-jete-inovativ\/","title":{"rendered":"Mblidhet Asambleja e PS-s\u00eb, Damian Gjiknuri: Mandati i tret\u00eb qeveris\u00ebs do t\u00eb jet\u00eb inovativ"},"content":{"rendered":"<p>Sekretari i P\u00ebrgjithsh\u00ebm i PS, Damian Gjiknuri hapi k\u00ebt\u00eb pasdite t\u00eb s\u00eb mart\u00ebs, punimet e Asambles\u00eb Komb\u00ebtare t\u00eb PS, e cila po zhvillohet online. Gjiknuri theksoi se mandati i tret\u00eb i PS duhet t\u00eb jet\u00eb inovativ dhe n\u00eb nivelet q\u00eb presin qytetar\u00ebt nga mazhoranca. Po ashtu Gjiknuri n\u00ebnvizoi se Kongresi i cili pritet t\u00eb mbahet m\u00eb 9 prill, do t\u00eb fokusohet jo vet\u00ebm n\u00eb aspektin organizativ, por edhe n\u00eb t\u00eb tjera, duke theksuar se do t\u00eb ken\u00eb diskutime me grupe t\u00eb ndryshme qytetar\u00ebsh.<\/p>\n<p>\u201cKjo mbledhje i paraprin Kongresit t\u00eb PS-s\u00eb, nj\u00eb Kongres shum\u00eb i r\u00ebnd\u00ebsish\u00ebm, jo vet\u00ebm p\u00ebr faktin se b\u00ebhen p\u00ebrmir\u00ebsimet statutore t\u00eb PS-s\u00eb gjithnj\u00eb me fokus mir\u00eborganizimin e saj p\u00ebrfshir\u00eb dhe p\u00ebrgatitjen e saj si nj\u00eb fuqi e padiskutueshme elektorale p\u00ebr zgjedhjet vendore t\u00eb vitit tjet\u00ebr. Por nga ana tjet\u00ebr \u00ebsht\u00eb nj\u00eb Kongres i r\u00ebnd\u00ebsish\u00ebm sepse mbahet n\u00eb nj\u00eb moment t\u00eb r\u00ebnd\u00ebsish\u00ebm q\u00eb po kalon Shqip\u00ebria. Momenti v\u00ebrtet, shum\u00eb njer\u00ebz do ta quanin moment t\u00eb v\u00ebshtir\u00eb p\u00ebr shkak t\u00eb krizave.<\/p>\n<p>Shum\u00eb njer\u00ebz jan\u00eb d\u00ebshmitar\u00eb dhe e dim\u00eb shum\u00eb mir\u00eb p\u00ebrballjen q\u00eb ka kjo mazhorance dhe si si po u vjen n\u00eb ndihm\u00eb qytetar\u00ebve. Nj\u00eb nga temat me r\u00ebnd\u00ebsi \u00ebsht\u00eb edhe tematikat q\u00eb kan\u00eb t\u00eb b\u00ebjn\u00eb me sfidat q\u00eb ka kaluar Shqip\u00ebria dhe alternativat q\u00eb jep qeveria. S\u00ebfundmi n\u00eb agjend\u00eb do t\u00eb keni edhe vot\u00ebbesimin e sekretariatit. Natyrsh\u00ebm gjat\u00eb Kongresit do t\u00eb kemi diskutime t\u00eb lira ku t\u00eb gjith\u00eb an\u00ebtar\u00ebt do t\u00eb marrin pjes\u00eb.<\/p>\n<p>Statusi i PS reflekton synimet q\u00eb i kemi v\u00ebn\u00eb vetes dhe kemi t\u00eb b\u00ebjm\u00eb me nj\u00eb element t\u00eb ri p\u00ebr t\u00eb rinovuar struktur\u00ebn, t\u00eb gjith\u00eb kan\u00eb t\u00eb drejt\u00eb dhe t\u00eb gjith\u00eb do t\u00eb vler\u00ebsohen dhe n\u00ebp\u00ebrmjet Asambles\u00eb do t\u00eb p\u00ebrgatisim aktet e reja se si do t\u00eb p\u00ebrcaktohen kryetar\u00ebt e ri t\u00eb partis\u00eb.<\/p>\n<p>Do t\u00eb ket\u00eb nj\u00eb struktur\u00eb q\u00eb do t\u00eb jap\u00eb llogari te kryetari i partis\u00eb n\u00eb baz\u00eb dhe sekretariati i partis\u00eb . Ka ardhur momenti q\u00eb t\u00eb kemi nj\u00eb struktur\u00eb t\u00eb mir\u00ebfillt\u00eb. Hapim programin e Kongresit, kemi tematik\u00ebn organizative, por kemi edhe tematika t\u00eb tjera q\u00eb do t\u00eb mbahen rreth godinave t\u00eb nd\u00ebrtes\u00ebs duke u shkrir\u00eb me grupe interesi dhe qytetare\u201d, tha Gjiknuri.<\/p>\n","protected":false},"excerpt":{"rendered":"<p>Sekretari i P\u00ebrgjithsh\u00ebm i PS, Damian Gjiknuri hapi k\u00ebt\u00eb pasdite t\u00eb s\u00eb mart\u00ebs, punimet e Asambles\u00eb Komb\u00ebtare t\u00eb PS, e cila po zhvillohet online. Gjiknuri theksoi se mandati i tret\u00eb i PS duhet t\u00eb jet\u00eb inovativ dhe n\u00eb nivelet q\u00eb presin qytetar\u00ebt nga mazhoranca. Po ashtu Gjiknuri n\u00ebnvizoi se Kongresi i cili pritet t\u00eb mbahet [&hellip;]<\/p>\n","protected":false},"author":2030,"featured_media":249464,"comment_status":"closed","ping_status":"closed","sticky":false,"template":"","format":"standard","meta":{"footnotes":""},"categories":[241,3366,5380,231],"tags":[],"class_list":{"0":"post-249463","1":"post","2":"type-post","3":"status-publish","4":"format-standard","5":"has-post-thumbnail","7":"category-aktualitet","8":"category-koment","9":"category-kryesore","10":"category-lajme"},"_links":{"self":[{"href":"https:\/\/zjarr.tv\/sq\/wp-json\/wp\/v2\/posts\/249463","targetHints":{"allow":["GET"]}}],"collection":[{"href":"https:\/\/zjarr.tv\/sq\/wp-json\/wp\/v2\/posts"}],"about":[{"href":"https:\/\/zjarr.tv\/sq\/wp-json\/wp\/v2\/types\/post"}],"author":[{"embeddable":true,"href":"https:\/\/zjarr.tv\/sq\/wp-json\/wp\/v2\/users\/2030"}],"replies":[{"embeddable":true,"href":"https:\/\/zjarr.tv\/sq\/wp-json\/wp\/v2\/comments?post=249463"}],"version-history":[{"count":0,"href":"https:\/\/zjarr.tv\/sq\/wp-json\/wp\/v2\/posts\/249463\/revisions"}],"wp:featuredmedia":[{"embeddable":true,"href":"https:\/\/zjarr.tv\/sq\/wp-json\/wp\/v2\/media\/249464"}],"wp:attachment":[{"href":"https:\/\/zjarr.tv\/sq\/wp-json\/wp\/v2\/media?parent=249463"}],"wp:term":[{"taxonomy":"category","embeddable":true,"href":"https:\/\/zjarr.tv\/sq\/wp-json\/wp\/v2\/categories?post=249463"},{"taxonomy":"post_tag","embeddable":true,"href":"https:\/\/zjarr.tv\/sq\/wp-json\/wp\/v2\/tags?post=249463"}],"curies":[{"name":"wp","href":"https:\/\/api.w.org\/{rel}","templated":true}]}}