{"id":249476,"date":"2022-04-06T22:18:35","date_gmt":"2022-04-06T20:18:35","guid":{"rendered":"https:\/\/zjarr.tv\/?p=249476"},"modified":"2022-04-06T22:18:35","modified_gmt":"2022-04-06T20:18:35","slug":"manastirliu-vizite-zyrtare-ne-itali-takohet-me-papa-franceskun-ne-vatikan","status":"publish","type":"post","link":"https:\/\/zjarr.tv\/sq\/manastirliu-vizite-zyrtare-ne-itali-takohet-me-papa-franceskun-ne-vatikan\/","title":{"rendered":"Manastirliu vizit\u00eb zyrtare n\u00eb Itali, takohet me Papa Franceskun n\u00eb Vatikan"},"content":{"rendered":"<p>Ministrja e Sh\u00ebndet\u00ebsis\u00eb dhe Mbrojtjes Sociale, Ogerta Manastirliu, gjat\u00eb nj\u00eb vizite zyrtare n\u00eb Itali ka zhvilluar nj\u00eb s\u00ebr\u00eb takimesh t\u00eb r\u00ebnd\u00ebsishme. <\/p>\n<p>Pas takimit n\u00eb Vatikan me Kardinal Michael Czerny, drejtues i Ministris\u00eb s\u00eb Zhvillimit dhe Integrimit Njer\u00ebzor n\u00eb Vatikan, ku u diskutua p\u00ebr forcimin e bashk\u00ebpunimit n\u00eb fush\u00ebn e sh\u00ebndet\u00ebsis\u00eb dhe mbrojtjes sociale, e shoqeruar edhe nga delegacioni Prof. Arben Gjata, Prof. Xheladin Dra\u00e7inin, Prof. Anila Godo, Prof. Alma Idrizi. <\/p>\n<p>Ministrja Manastirliu ka zhvilluar nj\u00eb tjet\u00ebr takim t\u00eb frytsh\u00ebm me Rektorin e Universitetit t\u00eb Rom\u00ebs Tor Vergata, Prof. Orazio Schillaci p\u00ebr t\u00eb formalizuar bashk\u00ebpunimin n\u00eb nj\u00eb marr\u00ebveshje konkrete me Universitetin e Mjek\u00ebsis\u00eb s\u00eb Tiran\u00ebs. <\/p>\n<p>Ministrja Ogerta Manastirliu, takoi gjithashtu shenjterin\u00eb e tij Papa Francesco gjat\u00eb audienc\u00ebs s\u00eb mbajtur n\u00eb Vatikan. <\/p>\n<p>M\u00eb her\u00ebt Manastirliu b\u00ebri me dije se \u00ebsht\u00eb arritur t\u00eb dakord\u00ebsohet nj\u00eb marr\u00ebveshje t\u00eb re me spitalin pediatrik \u201cBambino Gesu\u201d, gjat\u00eb nj\u00eb takimi me Presidenten e k\u00ebtij spitali, znj. Mariella Enoc, p\u00ebr nj\u00eb platform\u00eb t\u00eb p\u00ebrbashk\u00ebt p\u00ebr rritjen e kapaciteteve t\u00eb mjek\u00ebve t\u00eb specializuar si dhe p\u00ebr mb\u00ebshtetjen e pacient\u00ebve t\u00eb vegj\u00ebl me s\u00ebmundje t\u00eb rralla.<\/p>\n","protected":false},"excerpt":{"rendered":"<p>Ministrja e Sh\u00ebndet\u00ebsis\u00eb dhe Mbrojtjes Sociale, Ogerta Manastirliu, gjat\u00eb nj\u00eb vizite zyrtare n\u00eb Itali ka zhvilluar nj\u00eb s\u00ebr\u00eb takimesh t\u00eb r\u00ebnd\u00ebsishme. Pas takimit n\u00eb Vatikan me Kardinal Michael Czerny, drejtues i Ministris\u00eb s\u00eb Zhvillimit dhe Integrimit Njer\u00ebzor n\u00eb Vatikan, ku u diskutua p\u00ebr forcimin e bashk\u00ebpunimit n\u00eb fush\u00ebn e sh\u00ebndet\u00ebsis\u00eb dhe mbrojtjes sociale, e shoqeruar [&hellip;]<\/p>\n","protected":false},"author":2031,"featured_media":249477,"comment_status":"closed","ping_status":"closed","sticky":false,"template":"","format":"standard","meta":{"footnotes":""},"categories":[241,231,235],"tags":[],"class_list":{"0":"post-249476","1":"post","2":"type-post","3":"status-publish","4":"format-standard","5":"has-post-thumbnail","7":"category-aktualitet","8":"category-lajme","9":"category-vendi"},"_links":{"self":[{"href":"https:\/\/zjarr.tv\/sq\/wp-json\/wp\/v2\/posts\/249476","targetHints":{"allow":["GET"]}}],"collection":[{"href":"https:\/\/zjarr.tv\/sq\/wp-json\/wp\/v2\/posts"}],"about":[{"href":"https:\/\/zjarr.tv\/sq\/wp-json\/wp\/v2\/types\/post"}],"author":[{"embeddable":true,"href":"https:\/\/zjarr.tv\/sq\/wp-json\/wp\/v2\/users\/2031"}],"replies":[{"embeddable":true,"href":"https:\/\/zjarr.tv\/sq\/wp-json\/wp\/v2\/comments?post=249476"}],"version-history":[{"count":0,"href":"https:\/\/zjarr.tv\/sq\/wp-json\/wp\/v2\/posts\/249476\/revisions"}],"wp:featuredmedia":[{"embeddable":true,"href":"https:\/\/zjarr.tv\/sq\/wp-json\/wp\/v2\/media\/249477"}],"wp:attachment":[{"href":"https:\/\/zjarr.tv\/sq\/wp-json\/wp\/v2\/media?parent=249476"}],"wp:term":[{"taxonomy":"category","embeddable":true,"href":"https:\/\/zjarr.tv\/sq\/wp-json\/wp\/v2\/categories?post=249476"},{"taxonomy":"post_tag","embeddable":true,"href":"https:\/\/zjarr.tv\/sq\/wp-json\/wp\/v2\/tags?post=249476"}],"curies":[{"name":"wp","href":"https:\/\/api.w.org\/{rel}","templated":true}]}}