{"id":249488,"date":"2022-04-07T07:11:34","date_gmt":"2022-04-07T05:11:34","guid":{"rendered":"https:\/\/zjarr.tv\/?p=249488"},"modified":"2022-04-07T07:11:34","modified_gmt":"2022-04-07T05:11:34","slug":"rama-viziton-berlinin-takim-me-kancelarin-olaf-scholz","status":"publish","type":"post","link":"https:\/\/zjarr.tv\/sq\/rama-viziton-berlinin-takim-me-kancelarin-olaf-scholz\/","title":{"rendered":"Rama viziton Berlinin, takim me kancelarin Olaf Scholz"},"content":{"rendered":"<p>Kryeministri Edi Rama m\u00eb 11 prill do t\u00eb zhvilloj\u00eb nj\u00eb takim n\u00eb kancelarin Olaf Scholz n\u00eb Gjermani.<\/p>\n<p>B\u00ebhet me dije se nj\u00eb nga temat q\u00eb do t\u00eb bisedonin \u00ebsht\u00eb lufta ruse kund\u00ebr Ukrain\u00ebs. Gjithashtu Rama dhe kancelari gjerman do t\u00eb bisedojn\u00eb p\u00ebr \u00e7\u00ebshtje dypal\u00ebshe ekonomike, politike si dhe p\u00ebr an\u00ebtar\u00ebsimin e Shqip\u00ebris\u00eb n\u00eb Bashkimin Europian.<\/p>\n<p>Pas bisedimeve lider\u00ebt do t\u00eb mbajn\u00eb konferenc\u00eb t\u00eb p\u00ebrbashk\u00ebt. M\u00eb pas kancelari dhe Rama do t\u00eb darkojn\u00eb.<\/p>\n","protected":false},"excerpt":{"rendered":"<p>Kryeministri Edi Rama m\u00eb 11 prill do t\u00eb zhvilloj\u00eb nj\u00eb takim n\u00eb kancelarin Olaf Scholz n\u00eb Gjermani. B\u00ebhet me dije se nj\u00eb nga temat q\u00eb do t\u00eb bisedonin \u00ebsht\u00eb lufta ruse kund\u00ebr Ukrain\u00ebs. Gjithashtu Rama dhe kancelari gjerman do t\u00eb bisedojn\u00eb p\u00ebr \u00e7\u00ebshtje dypal\u00ebshe ekonomike, politike si dhe p\u00ebr an\u00ebtar\u00ebsimin e Shqip\u00ebris\u00eb n\u00eb Bashkimin Europian. [&hellip;]<\/p>\n","protected":false},"author":2031,"featured_media":249489,"comment_status":"closed","ping_status":"closed","sticky":false,"template":"","format":"standard","meta":{"footnotes":""},"categories":[241,231,235],"tags":[],"class_list":{"0":"post-249488","1":"post","2":"type-post","3":"status-publish","4":"format-standard","5":"has-post-thumbnail","7":"category-aktualitet","8":"category-lajme","9":"category-vendi"},"_links":{"self":[{"href":"https:\/\/zjarr.tv\/sq\/wp-json\/wp\/v2\/posts\/249488","targetHints":{"allow":["GET"]}}],"collection":[{"href":"https:\/\/zjarr.tv\/sq\/wp-json\/wp\/v2\/posts"}],"about":[{"href":"https:\/\/zjarr.tv\/sq\/wp-json\/wp\/v2\/types\/post"}],"author":[{"embeddable":true,"href":"https:\/\/zjarr.tv\/sq\/wp-json\/wp\/v2\/users\/2031"}],"replies":[{"embeddable":true,"href":"https:\/\/zjarr.tv\/sq\/wp-json\/wp\/v2\/comments?post=249488"}],"version-history":[{"count":0,"href":"https:\/\/zjarr.tv\/sq\/wp-json\/wp\/v2\/posts\/249488\/revisions"}],"wp:featuredmedia":[{"embeddable":true,"href":"https:\/\/zjarr.tv\/sq\/wp-json\/wp\/v2\/media\/249489"}],"wp:attachment":[{"href":"https:\/\/zjarr.tv\/sq\/wp-json\/wp\/v2\/media?parent=249488"}],"wp:term":[{"taxonomy":"category","embeddable":true,"href":"https:\/\/zjarr.tv\/sq\/wp-json\/wp\/v2\/categories?post=249488"},{"taxonomy":"post_tag","embeddable":true,"href":"https:\/\/zjarr.tv\/sq\/wp-json\/wp\/v2\/tags?post=249488"}],"curies":[{"name":"wp","href":"https:\/\/api.w.org\/{rel}","templated":true}]}}