{"id":249492,"date":"2022-04-07T07:51:43","date_gmt":"2022-04-07T05:51:43","guid":{"rendered":"https:\/\/zjarr.tv\/?p=249492"},"modified":"2022-04-07T07:51:43","modified_gmt":"2022-04-07T05:51:43","slug":"gazetari-tregon-kush-e-hodhi-lajmin-per-bashen-president-per-te-treguar-se-ai-eshte-ende-ne-loje","status":"publish","type":"post","link":"https:\/\/zjarr.tv\/sq\/gazetari-tregon-kush-e-hodhi-lajmin-per-bashen-president-per-te-treguar-se-ai-eshte-ende-ne-loje\/","title":{"rendered":"Gazetari tregon kush e \u201chodhi\u201d lajmin p\u00ebr Bash\u00ebn President: P\u00ebr t\u00eb treguar se ai \u00ebsht\u00eb ende n\u00eb loj\u00eb"},"content":{"rendered":"<p>Gazetari Poli Hoxha thot\u00eb se lajmin p\u00ebr Bash\u00ebn president e ka hedhur vet\u00eb ish-kryetari i PD. Arsyeja p\u00ebr k\u00ebt\u00eb shprehet ai, \u00ebsht\u00eb p\u00ebr t\u00eb treguar se Lulzim Basha \u00ebsht\u00eb akoma n\u00eb loj\u00eb dhe \u00ebsht\u00eb i fuqish\u00ebm.<\/p>\n<p>\u201cN\u00eb dijeni time lajmin p\u00ebr Bash\u00ebn president e ka hedhur Basha vet\u00eb ose mb\u00ebshtet\u00ebsit e tij n\u00eb grahmat e fundit q\u00eb ishte. Kjo ka nj\u00eb kuptim p\u00ebr t\u00eb treguar se ai \u00ebsht\u00eb akoma n\u00eb loj\u00eb dhe \u00ebsht\u00eb i fuqish\u00ebm. Kjo gj\u00eb i ka interesuar edhe grupit t\u00eb Sali Berish\u00ebs p\u00ebr ta p\u00ebrdorur.<\/p>\n<p>K\u00ebt\u00eb historie mbylli Edi Rama q\u00eb ka votat. Un\u00eb nuk besoj se Basha ka qen\u00eb ndonj\u00ebher\u00eb n\u00eb loj\u00eb. Rithemelimit i ka interesuar k\u00ebto koh\u00eb p\u00ebr t\u00eb th\u00ebn\u00eb se Basha \u00ebsht\u00eb i shitur tek Edi Rama dhe ai do ta b\u00ebj\u00eb president.<\/p>\n<p>P\u00ebr mua ishte nj\u00eb gj\u00eb qesharake sepse ishte hedhur p\u00ebr ushqim. Rama vet\u00eb e ka mbyllur sot si em\u00ebr edhe pse \u00e7\u00ebshtja nuk ka t\u00eb b\u00ebj\u00eb me emrin. Rama ndoshta do t\u00eb dal\u00eb dhe t\u00eb thot\u00eb se ai u p\u00ebrpoq, por ata nuk duan dhe m\u00eb pas do t\u00eb zgjedh\u00eb ashtu sikurse \u00ebsht\u00eb nisur vet\u00eb duke zgjedhur nj\u00eb fem\u00ebr p.sh. opozita nuk mund t\u00eb nxjerr\u00eb nj\u00eb lider shteti kur nuk po nxjerrin nj\u00eb lider p\u00ebr veten\u201d, tha gazetari n\u00eb Ora News.<\/p>\n","protected":false},"excerpt":{"rendered":"<p>Gazetari Poli Hoxha thot\u00eb se lajmin p\u00ebr Bash\u00ebn president e ka hedhur vet\u00eb ish-kryetari i PD. Arsyeja p\u00ebr k\u00ebt\u00eb shprehet ai, \u00ebsht\u00eb p\u00ebr t\u00eb treguar se Lulzim Basha \u00ebsht\u00eb akoma n\u00eb loj\u00eb dhe \u00ebsht\u00eb i fuqish\u00ebm. \u201cN\u00eb dijeni time lajmin p\u00ebr Bash\u00ebn president e ka hedhur Basha vet\u00eb ose mb\u00ebshtet\u00ebsit e tij n\u00eb grahmat e [&hellip;]<\/p>\n","protected":false},"author":2031,"featured_media":169870,"comment_status":"closed","ping_status":"closed","sticky":false,"template":"","format":"standard","meta":{"footnotes":""},"categories":[241,231,1454,235],"tags":[],"class_list":{"0":"post-249492","1":"post","2":"type-post","3":"status-publish","4":"format-standard","5":"has-post-thumbnail","7":"category-aktualitet","8":"category-lajme","9":"category-politike","10":"category-vendi"},"_links":{"self":[{"href":"https:\/\/zjarr.tv\/sq\/wp-json\/wp\/v2\/posts\/249492","targetHints":{"allow":["GET"]}}],"collection":[{"href":"https:\/\/zjarr.tv\/sq\/wp-json\/wp\/v2\/posts"}],"about":[{"href":"https:\/\/zjarr.tv\/sq\/wp-json\/wp\/v2\/types\/post"}],"author":[{"embeddable":true,"href":"https:\/\/zjarr.tv\/sq\/wp-json\/wp\/v2\/users\/2031"}],"replies":[{"embeddable":true,"href":"https:\/\/zjarr.tv\/sq\/wp-json\/wp\/v2\/comments?post=249492"}],"version-history":[{"count":0,"href":"https:\/\/zjarr.tv\/sq\/wp-json\/wp\/v2\/posts\/249492\/revisions"}],"wp:featuredmedia":[{"embeddable":true,"href":"https:\/\/zjarr.tv\/sq\/wp-json\/wp\/v2\/media\/169870"}],"wp:attachment":[{"href":"https:\/\/zjarr.tv\/sq\/wp-json\/wp\/v2\/media?parent=249492"}],"wp:term":[{"taxonomy":"category","embeddable":true,"href":"https:\/\/zjarr.tv\/sq\/wp-json\/wp\/v2\/categories?post=249492"},{"taxonomy":"post_tag","embeddable":true,"href":"https:\/\/zjarr.tv\/sq\/wp-json\/wp\/v2\/tags?post=249492"}],"curies":[{"name":"wp","href":"https:\/\/api.w.org\/{rel}","templated":true}]}}