{"id":249496,"date":"2022-04-07T09:34:01","date_gmt":"2022-04-07T07:34:01","guid":{"rendered":"https:\/\/zjarr.tv\/?p=249496"},"modified":"2022-04-07T09:34:01","modified_gmt":"2022-04-07T07:34:01","slug":"te-lutem-me-rri-prane-dua-te-iki-nga-kjo-bote-aktori-i-madh-kerkon-ti-nenshtrohet-eutanazise-do-djalin-prane","status":"publish","type":"post","link":"https:\/\/zjarr.tv\/sq\/te-lutem-me-rri-prane-dua-te-iki-nga-kjo-bote-aktori-i-madh-kerkon-ti-nenshtrohet-eutanazise-do-djalin-prane\/","title":{"rendered":"\u201cT\u00eb lutem m\u00eb rri pran\u00eb, dua t\u00eb iki nga kjo bot\u00eb\u201d, aktori i madh k\u00ebrkon t\u2019i n\u00ebnshtrohet eutanazis\u00eb, do djalin pran\u00eb"},"content":{"rendered":"<p>Alain Delon, nj\u00eb nd\u00ebr aktor\u00ebt m\u00eb t\u00eb mir\u00eb francez\u00eb, nuk d\u00ebshiron t\u00eb jetoj\u00eb m\u00eb dhe ka k\u00ebrkuar q\u00eb t\u2019i n\u00ebnshtrohet eutanazis\u00eb. Ai e ndjen se ka ardhur koha q\u00eb t\u00eb largohet nga kjo jet\u00eb.<\/p>\n<p>Djali i aktorit 86-vje\u00e7ar, Anthony Delon tha se babai i tij i kishte k\u00ebrkuar ndihm\u00eb p\u00ebr t\u00eb nisur hapat e nevojsh\u00ebm p\u00ebr eutanazin\u00eb. Duke qen\u00eb se aktori francez jeton n\u00eb Zvic\u00ebr, kjo \u00ebsht\u00eb e ligjshme.Anthony thot\u00eb se i ka premtuar t\u00eb atit se do t\u2019i b\u00ebnte shoq\u00ebri n\u00eb or\u00ebt e fundit.<\/p>\n<p> \u201cPo, \u00ebsht\u00eb e v\u00ebrtet\u00eb, m\u00eb pyeti\u201d, \u00ebsht\u00eb shprehur ai. Ylli i filmave thuhet se ka shkruar edhe nj\u00eb let\u00ebr lamtumire.\u201cDua t\u00eb fal\u00ebnderoj t\u00eb gjith\u00eb ata q\u00eb m\u00eb kan\u00eb shoq\u00ebruar dhe dh\u00ebn\u00eb nj\u00eb mb\u00ebshtetje t\u00eb madhe nd\u00ebr vite. Shpresoj q\u00eb n\u00eb t\u00eb ardhmen aktor\u00ebt t\u00eb gjejn\u00eb nj\u00eb model jo vet\u00ebm n\u00eb pun\u00eb, por n\u00eb jet\u00ebn e p\u00ebrditshme, mes fitoreve dhe humbjeve. Faleminderit, Alain Delon\u201d.<\/p>\n<p>Kujtojm\u00eb q\u00eb aktori i famsh\u00ebm pati folur p\u00ebr eutazanin\u00eb. \u201cEutanazia \u00ebsht\u00eb gj\u00ebja m\u00eb logjike dhe m\u00eb e natyrshme p\u00ebr t\u00eb b\u00ebr\u00eb kur mendon se ka ardhur momenti i duhur.<\/p>\n<p>\u201cNga nj\u00eb mosh\u00eb dhe koh\u00eb e caktuar, ne kemi t\u00eb drejt\u00ebn t\u00eb largohemi paq\u00ebsisht nga kjo bot\u00eb pa mb\u00ebshtetjen e nj\u00eb spitali apo pajisje p\u00ebr mb\u00ebshtetjen e jet\u00ebs,\u201d tha Alain D n\u00eb nj\u00eb intervist\u00eb n\u00eb 2021<\/p>\n","protected":false},"excerpt":{"rendered":"<p>Alain Delon, nj\u00eb nd\u00ebr aktor\u00ebt m\u00eb t\u00eb mir\u00eb francez\u00eb, nuk d\u00ebshiron t\u00eb jetoj\u00eb m\u00eb dhe ka k\u00ebrkuar q\u00eb t\u2019i n\u00ebnshtrohet eutanazis\u00eb. Ai e ndjen se ka ardhur koha q\u00eb t\u00eb largohet nga kjo jet\u00eb. Djali i aktorit 86-vje\u00e7ar, Anthony Delon tha se babai i tij i kishte k\u00ebrkuar ndihm\u00eb p\u00ebr t\u00eb nisur hapat e nevojsh\u00ebm [&hellip;]<\/p>\n","protected":false},"author":2031,"featured_media":249497,"comment_status":"closed","ping_status":"closed","sticky":false,"template":"","format":"standard","meta":{"footnotes":""},"categories":[241,231,235],"tags":[],"class_list":{"0":"post-249496","1":"post","2":"type-post","3":"status-publish","4":"format-standard","5":"has-post-thumbnail","7":"category-aktualitet","8":"category-lajme","9":"category-vendi"},"_links":{"self":[{"href":"https:\/\/zjarr.tv\/sq\/wp-json\/wp\/v2\/posts\/249496","targetHints":{"allow":["GET"]}}],"collection":[{"href":"https:\/\/zjarr.tv\/sq\/wp-json\/wp\/v2\/posts"}],"about":[{"href":"https:\/\/zjarr.tv\/sq\/wp-json\/wp\/v2\/types\/post"}],"author":[{"embeddable":true,"href":"https:\/\/zjarr.tv\/sq\/wp-json\/wp\/v2\/users\/2031"}],"replies":[{"embeddable":true,"href":"https:\/\/zjarr.tv\/sq\/wp-json\/wp\/v2\/comments?post=249496"}],"version-history":[{"count":0,"href":"https:\/\/zjarr.tv\/sq\/wp-json\/wp\/v2\/posts\/249496\/revisions"}],"wp:featuredmedia":[{"embeddable":true,"href":"https:\/\/zjarr.tv\/sq\/wp-json\/wp\/v2\/media\/249497"}],"wp:attachment":[{"href":"https:\/\/zjarr.tv\/sq\/wp-json\/wp\/v2\/media?parent=249496"}],"wp:term":[{"taxonomy":"category","embeddable":true,"href":"https:\/\/zjarr.tv\/sq\/wp-json\/wp\/v2\/categories?post=249496"},{"taxonomy":"post_tag","embeddable":true,"href":"https:\/\/zjarr.tv\/sq\/wp-json\/wp\/v2\/tags?post=249496"}],"curies":[{"name":"wp","href":"https:\/\/api.w.org\/{rel}","templated":true}]}}