{"id":249501,"date":"2022-04-07T10:32:01","date_gmt":"2022-04-07T08:32:01","guid":{"rendered":"https:\/\/zjarr.tv\/?p=249501"},"modified":"2022-04-07T10:32:01","modified_gmt":"2022-04-07T08:32:01","slug":"prokurores-elfrida-bregova-i-kerkohen-shpjegime-mbi-transaksionet-bankare-dhe-huate","status":"publish","type":"post","link":"https:\/\/zjarr.tv\/sq\/prokurores-elfrida-bregova-i-kerkohen-shpjegime-mbi-transaksionet-bankare-dhe-huate\/","title":{"rendered":"Prokurores Elfrida Bregova i k\u00ebrkohen shpjegime mbi transaksionet bankare dhe huat\u00eb"},"content":{"rendered":"<p>Prokurorja e Tiran\u00ebs, Elfrida Bregova u p\u00ebrball t\u00eb mart\u00ebn me pik\u00ebpyetje mbi mund\u00ebsit\u00eb financiare t\u00eb saj dhe t\u00eb bashk\u00ebshortit po ashtu prokuror, Saimir Bahiti, n\u00eb blerjen e nj\u00eb apartamenti 104 metra katror\u00eb n\u00eb Tiran\u00eb.<\/p>\n<p>KPK vuri n\u00eb dukje se Bregova rezultonte me fonde t\u00eb pamjaftueshme dhe nj\u00eb bilanc negativ n\u00eb total prej 2.9 milion\u00eb lek\u00ebsh, q\u00eb si\u00e7 u tha n\u00eb seanc\u00eb, vinin nga mosnjohja si burim i ligjsh\u00ebm i nj\u00eb huaje 1.2 milion\u00eb lek\u00eb, mosnjohja e shpenzimit t\u00eb nj\u00eb dhurate 10 mij\u00eb euro dhe nj\u00eb transfert\u00eb e dyshimt\u00eb b\u00ebr\u00eb n\u00eb em\u00ebr t\u00eb bashk\u00ebshortit prej 21 mij\u00eb eurosh.<\/p>\n<p>Bregova e mohoi transfert\u00ebn duke k\u00ebmb\u00ebngulur se ishte falsifikuar dhe solli si prov\u00eb n\u00eb seanc\u00eb se dit\u00ebn e transferimit t\u00eb fondeve n\u00eb nj\u00eb bank\u00eb n\u00eb Tiran\u00eb, bashk\u00ebshorti n\u00eb fakt kishte qen\u00eb n\u00eb gjykat\u00ebn e Shkodr\u00ebs.  Ajo e cil\u00ebsoi pasakt\u00ebsi mosdeklarimin e shpenzimit t\u00eb shum\u00eb 10 mij\u00eb euro, nd\u00ebrsa k\u00ebmb\u00ebnguli se huadh\u00ebn\u00ebsi i shum\u00ebs 1.2 milion\u00eb lek\u00eb kishte pasur t\u00eb ardhura dhe huaja duhej t\u00eb njihej e ligjshme.<\/p>\n<p>Bregova po ashtu u pyet nga v\u00ebzhguesi nd\u00ebrkomb\u00ebtar, Theo Jacobs mbi etik\u00ebn e marrjes s\u00eb nj\u00eb huaje 50 mij\u00eb euro nga nj\u00eb biznesmen, q\u00eb si\u00e7 doli n\u00eb seanc\u00eb kishte pasur mund\u00ebsi financiare.<\/p>\n<p>Prokurorja nga ana e saj vler\u00ebsoi hetimin e Komisionit dhe theksoi se \u201cishte dakord me rezultatet e hetimit\u201d.<\/p>\n<p>Trupa q\u00eb hetoi Bregov\u00ebn \u00ebsht\u00eb e p\u00ebrb\u00ebr\u00eb nga Alma Faskaj kryesuese, Lulzim Hamitaj an\u00ebtar dhe Genta Tafa Bungo, relatore.<\/p>\n<p>Elfrida Bregova p\u00ebrfundoi studimet n\u00eb Shkoll\u00ebn e Magjistratur\u00ebs n\u00eb vitin 2006 dhe u em\u00ebrua fillimisht prokurore pran\u00eb Prokuroris\u00eb s\u00eb Kavaj\u00ebs. Prej vitit 2010, ajo e ushtron funksionin n\u00eb Prokurorin\u00eb e Rrethit Tiran\u00eb.<\/p>\n","protected":false},"excerpt":{"rendered":"<p>Prokurorja e Tiran\u00ebs, Elfrida Bregova u p\u00ebrball t\u00eb mart\u00ebn me pik\u00ebpyetje mbi mund\u00ebsit\u00eb financiare t\u00eb saj dhe t\u00eb bashk\u00ebshortit po ashtu prokuror, Saimir Bahiti, n\u00eb blerjen e nj\u00eb apartamenti 104 metra katror\u00eb n\u00eb Tiran\u00eb. KPK vuri n\u00eb dukje se Bregova rezultonte me fonde t\u00eb pamjaftueshme dhe nj\u00eb bilanc negativ n\u00eb total prej 2.9 milion\u00eb lek\u00ebsh, [&hellip;]<\/p>\n","protected":false},"author":2031,"featured_media":249502,"comment_status":"closed","ping_status":"closed","sticky":false,"template":"","format":"standard","meta":{"footnotes":""},"categories":[241,231,235],"tags":[],"class_list":{"0":"post-249501","1":"post","2":"type-post","3":"status-publish","4":"format-standard","5":"has-post-thumbnail","7":"category-aktualitet","8":"category-lajme","9":"category-vendi"},"_links":{"self":[{"href":"https:\/\/zjarr.tv\/sq\/wp-json\/wp\/v2\/posts\/249501","targetHints":{"allow":["GET"]}}],"collection":[{"href":"https:\/\/zjarr.tv\/sq\/wp-json\/wp\/v2\/posts"}],"about":[{"href":"https:\/\/zjarr.tv\/sq\/wp-json\/wp\/v2\/types\/post"}],"author":[{"embeddable":true,"href":"https:\/\/zjarr.tv\/sq\/wp-json\/wp\/v2\/users\/2031"}],"replies":[{"embeddable":true,"href":"https:\/\/zjarr.tv\/sq\/wp-json\/wp\/v2\/comments?post=249501"}],"version-history":[{"count":0,"href":"https:\/\/zjarr.tv\/sq\/wp-json\/wp\/v2\/posts\/249501\/revisions"}],"wp:featuredmedia":[{"embeddable":true,"href":"https:\/\/zjarr.tv\/sq\/wp-json\/wp\/v2\/media\/249502"}],"wp:attachment":[{"href":"https:\/\/zjarr.tv\/sq\/wp-json\/wp\/v2\/media?parent=249501"}],"wp:term":[{"taxonomy":"category","embeddable":true,"href":"https:\/\/zjarr.tv\/sq\/wp-json\/wp\/v2\/categories?post=249501"},{"taxonomy":"post_tag","embeddable":true,"href":"https:\/\/zjarr.tv\/sq\/wp-json\/wp\/v2\/tags?post=249501"}],"curies":[{"name":"wp","href":"https:\/\/api.w.org\/{rel}","templated":true}]}}