{"id":249506,"date":"2022-04-07T10:36:17","date_gmt":"2022-04-07T08:36:17","guid":{"rendered":"https:\/\/zjarr.tv\/?p=249506"},"modified":"2022-04-07T10:36:17","modified_gmt":"2022-04-07T08:36:17","slug":"ministria-ngre-grup-pune-per-arsimimin-e-perkohshem-te-femijeve-te-ardhur-nga-ukraina","status":"publish","type":"post","link":"https:\/\/zjarr.tv\/sq\/ministria-ngre-grup-pune-per-arsimimin-e-perkohshem-te-femijeve-te-ardhur-nga-ukraina\/","title":{"rendered":"Ministria ngre grup pune p\u00ebr arsimimin e p\u00ebrkohsh\u00ebm t\u00eb f\u00ebmij\u00ebve t\u00eb ardhur nga Ukraina"},"content":{"rendered":"<p>Ministrja e Arsimit Evis Kushi, b\u00ebn me dije se \u00ebsht\u00eb ngritur nj\u00eb grup pune p\u00ebr marrjen e masave p\u00ebr arsimimin e p\u00ebrkohsh\u00ebm t\u00eb f\u00ebmij\u00ebve t\u00eb ardhur nga Ukraina p\u00ebr shkak t\u00eb luft\u00ebs. Kushi ka diskutuar detajet e k\u00ebtij plani me ambasadorin ukrainas n\u00eb Tiran\u00eb Volodymyr Shkurov.<\/p>\n<p>\u201cSapo kemi ngritur n\u00eb MAS nj\u00eb grup pune p\u00ebr marrjen e masave p\u00ebr arsimimin e p\u00ebrkohsh\u00ebm dhe mb\u00ebshtetjen psiko-sociale t\u00eb f\u00ebmij\u00ebve t\u00eb ardhur nga Ukraina p\u00ebr shkak t\u00eb luft\u00ebs.<\/p>\n<p>Pas identifikimit t\u00eb k\u00ebtyre f\u00ebmij\u00ebve, ky grup do t\u00eb koordinoj\u00eb pun\u00ebn me strukturat arsimore n\u00eb \u00e7do bashki p\u00ebr krijimin e nj\u00eb klime pozitive mb\u00ebshtet\u00ebse dhe t\u00eb sigurt duke hartuar edhe nj\u00eb program t\u00eb posa\u00e7\u00ebm p\u00ebr arsimimin e tyre.<\/p>\n<p>S\u00eb bashku me Ambasadorin e Ukrain\u00ebs Sh.T.Z. Volodymyr Shkurov diskutuam detajet lidhur me organizimin e k\u00ebtij procesi, n\u00eb m\u00ebnyr\u00eb q\u00eb k\u00ebtyre f\u00ebmij\u00ebve t\u2019u ofrojm\u00eb gjith\u00e7ka duhet p\u00ebr nj\u00eb mjedis mikprit\u00ebs, t\u00eb ngroht\u00eb e sa m\u00eb miq\u00ebsor\u201d, shkruan ministrja Kushi.<\/p>\n","protected":false},"excerpt":{"rendered":"<p>Ministrja e Arsimit Evis Kushi, b\u00ebn me dije se \u00ebsht\u00eb ngritur nj\u00eb grup pune p\u00ebr marrjen e masave p\u00ebr arsimimin e p\u00ebrkohsh\u00ebm t\u00eb f\u00ebmij\u00ebve t\u00eb ardhur nga Ukraina p\u00ebr shkak t\u00eb luft\u00ebs. Kushi ka diskutuar detajet e k\u00ebtij plani me ambasadorin ukrainas n\u00eb Tiran\u00eb Volodymyr Shkurov. \u201cSapo kemi ngritur n\u00eb MAS nj\u00eb grup pune p\u00ebr [&hellip;]<\/p>\n","protected":false},"author":2031,"featured_media":249507,"comment_status":"closed","ping_status":"closed","sticky":false,"template":"","format":"standard","meta":{"footnotes":""},"categories":[241,231,235],"tags":[],"class_list":{"0":"post-249506","1":"post","2":"type-post","3":"status-publish","4":"format-standard","5":"has-post-thumbnail","7":"category-aktualitet","8":"category-lajme","9":"category-vendi"},"_links":{"self":[{"href":"https:\/\/zjarr.tv\/sq\/wp-json\/wp\/v2\/posts\/249506","targetHints":{"allow":["GET"]}}],"collection":[{"href":"https:\/\/zjarr.tv\/sq\/wp-json\/wp\/v2\/posts"}],"about":[{"href":"https:\/\/zjarr.tv\/sq\/wp-json\/wp\/v2\/types\/post"}],"author":[{"embeddable":true,"href":"https:\/\/zjarr.tv\/sq\/wp-json\/wp\/v2\/users\/2031"}],"replies":[{"embeddable":true,"href":"https:\/\/zjarr.tv\/sq\/wp-json\/wp\/v2\/comments?post=249506"}],"version-history":[{"count":0,"href":"https:\/\/zjarr.tv\/sq\/wp-json\/wp\/v2\/posts\/249506\/revisions"}],"wp:featuredmedia":[{"embeddable":true,"href":"https:\/\/zjarr.tv\/sq\/wp-json\/wp\/v2\/media\/249507"}],"wp:attachment":[{"href":"https:\/\/zjarr.tv\/sq\/wp-json\/wp\/v2\/media?parent=249506"}],"wp:term":[{"taxonomy":"category","embeddable":true,"href":"https:\/\/zjarr.tv\/sq\/wp-json\/wp\/v2\/categories?post=249506"},{"taxonomy":"post_tag","embeddable":true,"href":"https:\/\/zjarr.tv\/sq\/wp-json\/wp\/v2\/tags?post=249506"}],"curies":[{"name":"wp","href":"https:\/\/api.w.org\/{rel}","templated":true}]}}