{"id":249512,"date":"2022-04-07T11:18:34","date_gmt":"2022-04-07T09:18:34","guid":{"rendered":"https:\/\/zjarr.tv\/?p=249512"},"modified":"2022-04-07T11:18:34","modified_gmt":"2022-04-07T09:18:34","slug":"si-here-e-pare-kishte-te-panjohura-rama-per-keshillimin-kombetar-pjesmarrja-pozitive-jane-shprehur-pa-galje-e-siklete-por","status":"publish","type":"post","link":"https:\/\/zjarr.tv\/sq\/si-here-e-pare-kishte-te-panjohura-rama-per-keshillimin-kombetar-pjesmarrja-pozitive-jane-shprehur-pa-galje-e-siklete-por\/","title":{"rendered":"\u201cSi her\u00eb e par\u00eb kishte t\u00eb panjohura\u201d\/ Rama p\u00ebr \u201cK\u00ebshillimin Komb\u00ebtar\u201d: Pjesmarrja pozitive, jan\u00eb shprehur pa galje e siklete por\u2026"},"content":{"rendered":"<p><strong>Rama:<\/strong><em>Fal\u00eb p\u00ebrfshirjes s\u00eb INSTAT si sh\u00ebrbim p\u00ebr k\u00ebt\u00eb process me cil\u00ebsi kemi arritur besoj q\u00eb ta p\u00ebrfundojm\u00eb K\u00ebshillimin Komb\u00ebtar me rezultat pozitiv, q\u00eb \u00ebsht\u00eb pjesmarrja. Natyrisht ka gj\u00ebra p\u00ebr tu p\u00ebrmirsuar, si her\u00eb e par\u00eb kishte t\u00eb panjohura por m\u00eb e r\u00ebnd\u00ebsishmja \u00ebsht\u00eb se t\u00eb gjith\u00eb qytetar\u00ebt q\u00eb mor\u00ebn pjes\u00eb pavar\u00ebsisht opinioneve tu shp\u00ebrblejm\u00eb besimin, tu japim mbrapsht angazhimin ton\u00eb dhe opinionet t\u00eb kthehen n\u00eb plane konkrete zbatimi.<\/em><\/p>\n<p>Kjo \u00ebsht\u00eb A-ja, n\u00eb m\u00ebnyr\u00eb q\u00eb ky process t\u00eb rritet dhe t\u00eb konsolidohet dhe t\u00eb p\u00ebrfshij\u00ebqytetar\u00eb pa dallim bindjesh dhe duke ruajtur konfidencialitetin. Kemi b\u00ebr\u00eb process me shkall\u00eb anomiteti ekstreme dhe jan\u00eb shprehur pa gajle e siklet. Do shohim m\u00eb tutje si do procedojm\u00eb n\u00eb k\u00ebt\u00eb aspekt.<\/p>\n<p><em>Ka nj\u00eb s\u00ebr\u00eb propozimesh, ankesash quajeni si t\u00eb doni, nga qytetar\u00ebt q\u00eb do i shohim me v\u00ebmendje p\u00ebr ti kthyer n\u00eb avantazh t\u00eb p\u00ebrbashk\u00ebt. Do gjejm\u00eb m\u00ebnyr\u00ebn q\u00eb ato t\u00eb b\u00ebjn\u00eb propozimet e tyre.<\/em><\/p>\n","protected":false},"excerpt":{"rendered":"<p>Rama:Fal\u00eb p\u00ebrfshirjes s\u00eb INSTAT si sh\u00ebrbim p\u00ebr k\u00ebt\u00eb process me cil\u00ebsi kemi arritur besoj q\u00eb ta p\u00ebrfundojm\u00eb K\u00ebshillimin Komb\u00ebtar me rezultat pozitiv, q\u00eb \u00ebsht\u00eb pjesmarrja. Natyrisht ka gj\u00ebra p\u00ebr tu p\u00ebrmirsuar, si her\u00eb e par\u00eb kishte t\u00eb panjohura por m\u00eb e r\u00ebnd\u00ebsishmja \u00ebsht\u00eb se t\u00eb gjith\u00eb qytetar\u00ebt q\u00eb mor\u00ebn pjes\u00eb pavar\u00ebsisht opinioneve tu shp\u00ebrblejm\u00eb besimin, [&hellip;]<\/p>\n","protected":false},"author":2020,"featured_media":179134,"comment_status":"closed","ping_status":"closed","sticky":false,"template":"","format":"standard","meta":{"footnotes":""},"categories":[241,5380,231],"tags":[],"class_list":{"0":"post-249512","1":"post","2":"type-post","3":"status-publish","4":"format-standard","5":"has-post-thumbnail","7":"category-aktualitet","8":"category-kryesore","9":"category-lajme"},"_links":{"self":[{"href":"https:\/\/zjarr.tv\/sq\/wp-json\/wp\/v2\/posts\/249512","targetHints":{"allow":["GET"]}}],"collection":[{"href":"https:\/\/zjarr.tv\/sq\/wp-json\/wp\/v2\/posts"}],"about":[{"href":"https:\/\/zjarr.tv\/sq\/wp-json\/wp\/v2\/types\/post"}],"author":[{"embeddable":true,"href":"https:\/\/zjarr.tv\/sq\/wp-json\/wp\/v2\/users\/2020"}],"replies":[{"embeddable":true,"href":"https:\/\/zjarr.tv\/sq\/wp-json\/wp\/v2\/comments?post=249512"}],"version-history":[{"count":0,"href":"https:\/\/zjarr.tv\/sq\/wp-json\/wp\/v2\/posts\/249512\/revisions"}],"wp:featuredmedia":[{"embeddable":true,"href":"https:\/\/zjarr.tv\/sq\/wp-json\/wp\/v2\/media\/179134"}],"wp:attachment":[{"href":"https:\/\/zjarr.tv\/sq\/wp-json\/wp\/v2\/media?parent=249512"}],"wp:term":[{"taxonomy":"category","embeddable":true,"href":"https:\/\/zjarr.tv\/sq\/wp-json\/wp\/v2\/categories?post=249512"},{"taxonomy":"post_tag","embeddable":true,"href":"https:\/\/zjarr.tv\/sq\/wp-json\/wp\/v2\/tags?post=249512"}],"curies":[{"name":"wp","href":"https:\/\/api.w.org\/{rel}","templated":true}]}}