{"id":249528,"date":"2022-04-07T11:49:05","date_gmt":"2022-04-07T09:49:05","guid":{"rendered":"https:\/\/zjarr.tv\/?p=249528"},"modified":"2022-04-07T12:35:52","modified_gmt":"2022-04-07T10:35:52","slug":"denohet-me-3-vite-burg-bojken-lako-arsyeja-do-ju-cudise","status":"publish","type":"post","link":"https:\/\/zjarr.tv\/sq\/denohet-me-3-vite-burg-bojken-lako-arsyeja-do-ju-cudise\/","title":{"rendered":"D\u00ebnohet me 3 vite burg Bojken Lako, arsyeja do ju \u00e7udis\u00eb"},"content":{"rendered":"<p>Punimet n\u00eb nj\u00eb godin\u00eb t\u00eb marr\u00eb me qera p\u00ebr ta kthyer n\u00eb nj\u00eb studio muzikore i kan\u00eb kushtuar muzikantit Boiken Lako m\u00eb shtrenjte se sa e kishte menduar\u2026 Gjyqtari i Gjykat\u00ebs s\u00eb Tiran\u00ebs, Besnik Hoxha e ka d\u00ebnuar me 3 vjet burgim p\u00ebr kryerjen e vepr\u00ebs penale t\u00eb \u201cNd\u00ebrtimit t\u00eb paligjsh\u00ebm\u201c p\u00ebr q\u00ebllime fitimi.<\/p>\n<p>N\u00eb fund, me aplikim t\u00eb gjykimit t\u00eb shkurtuar dhe t\u00eb pezullimit t\u00eb d\u00ebnimit, k\u00ebng\u00ebtari \u00ebsht\u00eb d\u00ebnuar me 3 vite sh\u00ebrbim prove. Po ashtu, ka marr\u00eb nj\u00eb gjob\u00eb prej 500 mij\u00eb lek\u00ebsh (t\u00eb vjetra) nga IKMT.<\/p>\n<p>Telefonata<\/p>\n<p>Zanafilla e st\u00ebrmullarit t\u00eb problemeve me ligjin p\u00ebr 47-vje\u00e7arin, nisi m\u00eb 16 shkurt 2021. Si\u00e7 shpjegohet n\u00eb vendimin e gjykat\u00ebs dh\u00ebn\u00eb m\u00eb 8 Shkurt t\u00eb k\u00ebtij viti: N\u00eb Komisariatin e Policis\u00eb Nr.2 \u00ebsht\u00eb njoftuar me telefon nga nj\u00eb qytetar, se n\u00eb rrug\u00ebn \u201cShefqet Musaraj\u201d, tek nj\u00eb nd\u00ebrtes\u00eb 2-kat\u00ebshe t\u00eb pabanueshme, po kryheshin punime nd\u00ebrtimore pa leje. Pas njoftimit, \u00ebsht\u00eb shkuar n\u00eb vendin e ngjarjes dhe gjat\u00eb k\u00ebqyrjes \u00ebsht\u00eb konstatuar se kjo godin\u00eb ishte n\u00eb bllokun e ish-magazinave tek ish-NISHARAK.<\/p>\n<p>Boiken Lako ka deklaruar se punimet po kryheshin p\u00ebr llogari t\u00eb tij n\u00eb godin\u00eb, t\u00eb cil\u00ebn e ka marr\u00eb me qera duke dashur ta sistemoj\u00eb me q\u00ebllim ta kthente n\u00eb nj\u00eb studio muzikore. Ka shkuar tek Nj\u00ebsia Administrative Nr.7 dhe ka aplikuar m\u00eb 21 Janar 2021. Pasi ka dal\u00eb leja, ka kontaktuar me nj\u00eb mikun e tij p\u00ebr t\u00eb ndjekur punimet pasi ai vet\u00eb ishte i z\u00ebn\u00eb.<\/p>\n<p>Leja e gabuar<\/p>\n<p>Por sipas IKMT-s\u00eb, leja e marr\u00eb nuk parashikonte punimet q\u00eb po kryheshin.<\/p>\n<p>Sipas shkres\u00ebs nga IMT-ja Bashkia Tiran\u00eb, thuhet n\u00eb vendimin e gjykat\u00ebs, inspektor\u00ebt kan\u00eb konstatuar se po b\u00ebheshin punime pa dokumentacion n\u00eb objekt, q\u00eb konsiston n\u00eb hapjen e kat\u00ebr dritareve n\u00eb nj\u00ebr\u00ebn faqe t\u00eb objektit, me p\u00ebrmasa 75x140cm dhe 120x140cm, n\u00eb katin e dyt\u00eb t\u00eb nd\u00ebrtes\u00ebs. Ndaj Lakos \u00ebsht\u00eb mbajtur process-verbal i konstatimit t\u00eb kundravajtjes m\u00eb 17 Shkurt 2021, nd\u00ebrsa m\u00eb 26 Shkurt \u00ebsht\u00eb d\u00ebnuar me 50 000 lek\u00eb gjob\u00eb.<\/p>\n<p>N\u00eb deklarimet e tij, Boiken Lako \u00ebsht\u00eb shprehur se me \u201clejen\u201d me t\u00eb cil\u00ebn ishte pajisur ka menduar q\u00eb mund t\u00eb b\u00ebnte nd\u00ebrhyrje, duke hapur edhe dritaret n\u00eb katin e dyt\u00eb dhe t\u00eb mos kishte problem.<\/p>\n<p>Por, shpjegohet m\u00eb tej n\u00eb vendimin e gjykat\u00ebs, shkresa e Nj\u00ebsis\u00eb Administrative Nr.7 \u00ebsht\u00eb b\u00ebr\u00eb nga pronari dhe jo nga Boiken Lako dhe sakt\u00ebsisht \u00ebsht\u00eb k\u00ebrkuar q\u00eb n\u00eb objekt t\u00eb kryhen \u201csuvatime t\u00eb pjesshme, lyerje si dhe riparime elektrike dhe hidraulike\u201d si dhe p\u00ebrmendet se nd\u00ebrhyrjet e b\u00ebra jasht\u00eb k\u00ebsaj k\u00ebrkese dhe rregullores s\u00eb Zhvillimit t\u00eb Territorit e ngarkon subjektin me p\u00ebrgjegj\u00ebsi ligjore.<\/p>\n<p>\u201cN\u00eb rastin konkret rezulton se shtetasi Boiken Lako ka kryer punime q\u00eb kategorizohen si punime q\u00eb k\u00ebrkohet pajisja me leje nd\u00ebrtimi sipas nenit 11 t\u00eb VKM-s\u00eb 408 \u2018P\u00ebr Miratimin e Rregullores s\u00eb Zhvillimit t\u00eb Territorit\u2019. Punimet e kryera nga shtetasi Boiken Lako konsistojn\u00eb n\u00eb krijimin e nj\u00eb strukture t\u00eb re, duke nd\u00ebrtuar mure, hapur dritare, kasat e dyerve dhe instalimet elektrike.<\/p>\n<p>Shtetasi Boiken Lako nuk ka aplikuar p\u00ebr leje nd\u00ebrtimi, por thjesht \u00ebsht\u00eb mb\u00ebshtetur tek nj\u00eb k\u00ebrkes\u00eb e Nj\u00ebsis\u00eb Administrative Nr.7. Si\u00e7 rezulton nga deklarimet e shtetasit Boiken Lako, proces-verbali p\u00ebr k\u00ebqyrjen e vendit t\u00eb ngjarjes dhe tabela fotografike, punimet e kryera nuk jan\u00eb punime t\u00eb brendshme, por \u00ebsht\u00eb ngritur nj\u00eb nd\u00ebrtim i ri t\u00ebr\u00ebsisht e ndryshme nga ajo e m\u00ebparshme\u201d, sqaron Gjykata.\/boldnews<\/p>\n<p><img loading=\"lazy\" decoding=\"async\" class=\"alignnone size-medium wp-image-249529\" src=\"https:\/\/zjarr.tv\/wp-content\/uploads\/2022\/04\/doku-768x572-1-300x223.png\" alt=\"\" width=\"300\" height=\"223\" srcset=\"https:\/\/zjarr.tv\/wp-content\/uploads\/2022\/04\/doku-768x572-1-300x223.png 300w, https:\/\/zjarr.tv\/wp-content\/uploads\/2022\/04\/doku-768x572-1-696x518.png 696w, https:\/\/zjarr.tv\/wp-content\/uploads\/2022\/04\/doku-768x572-1-564x420.png 564w, https:\/\/zjarr.tv\/wp-content\/uploads\/2022\/04\/doku-768x572-1-80x60.png 80w, https:\/\/zjarr.tv\/wp-content\/uploads\/2022\/04\/doku-768x572-1-265x198.png 265w, https:\/\/zjarr.tv\/wp-content\/uploads\/2022\/04\/doku-768x572-1.png 768w\" sizes=\"auto, (max-width: 300px) 100vw, 300px\" \/><\/p>\n","protected":false},"excerpt":{"rendered":"<p>Punimet n\u00eb nj\u00eb godin\u00eb t\u00eb marr\u00eb me qera p\u00ebr ta kthyer n\u00eb nj\u00eb studio muzikore i kan\u00eb kushtuar muzikantit Boiken Lako m\u00eb shtrenjte se sa e kishte menduar\u2026 Gjyqtari i Gjykat\u00ebs s\u00eb Tiran\u00ebs, Besnik Hoxha e ka d\u00ebnuar me 3 vjet burgim p\u00ebr kryerjen e vepr\u00ebs penale t\u00eb \u201cNd\u00ebrtimit t\u00eb paligjsh\u00ebm\u201c p\u00ebr q\u00ebllime fitimi. N\u00eb [&hellip;]<\/p>\n","protected":false},"author":2020,"featured_media":249531,"comment_status":"closed","ping_status":"closed","sticky":false,"template":"","format":"standard","meta":{"footnotes":""},"categories":[241,5380,231],"tags":[],"class_list":{"0":"post-249528","1":"post","2":"type-post","3":"status-publish","4":"format-standard","5":"has-post-thumbnail","7":"category-aktualitet","8":"category-kryesore","9":"category-lajme"},"_links":{"self":[{"href":"https:\/\/zjarr.tv\/sq\/wp-json\/wp\/v2\/posts\/249528","targetHints":{"allow":["GET"]}}],"collection":[{"href":"https:\/\/zjarr.tv\/sq\/wp-json\/wp\/v2\/posts"}],"about":[{"href":"https:\/\/zjarr.tv\/sq\/wp-json\/wp\/v2\/types\/post"}],"author":[{"embeddable":true,"href":"https:\/\/zjarr.tv\/sq\/wp-json\/wp\/v2\/users\/2020"}],"replies":[{"embeddable":true,"href":"https:\/\/zjarr.tv\/sq\/wp-json\/wp\/v2\/comments?post=249528"}],"version-history":[{"count":0,"href":"https:\/\/zjarr.tv\/sq\/wp-json\/wp\/v2\/posts\/249528\/revisions"}],"wp:featuredmedia":[{"embeddable":true,"href":"https:\/\/zjarr.tv\/sq\/wp-json\/wp\/v2\/media\/249531"}],"wp:attachment":[{"href":"https:\/\/zjarr.tv\/sq\/wp-json\/wp\/v2\/media?parent=249528"}],"wp:term":[{"taxonomy":"category","embeddable":true,"href":"https:\/\/zjarr.tv\/sq\/wp-json\/wp\/v2\/categories?post=249528"},{"taxonomy":"post_tag","embeddable":true,"href":"https:\/\/zjarr.tv\/sq\/wp-json\/wp\/v2\/tags?post=249528"}],"curies":[{"name":"wp","href":"https:\/\/api.w.org\/{rel}","templated":true}]}}