{"id":249532,"date":"2022-04-07T11:57:02","date_gmt":"2022-04-07T09:57:02","guid":{"rendered":"https:\/\/zjarr.tv\/?p=249532"},"modified":"2022-04-07T11:57:02","modified_gmt":"2022-04-07T09:57:02","slug":"frrok-cupi-tregon-cfare-ndodh-ne-shqiperi-dhe-ben-parashikimin-e-frikshem","status":"publish","type":"post","link":"https:\/\/zjarr.tv\/sq\/frrok-cupi-tregon-cfare-ndodh-ne-shqiperi-dhe-ben-parashikimin-e-frikshem\/","title":{"rendered":"Frrok \u00c7upi tregon \u00e7far\u00eb ndodh n\u00eb Shqip\u00ebri dhe b\u00ebn parashikimin e friksh\u00ebm"},"content":{"rendered":"<p>Analisti Frrok \u00c7upi tha se Ukraina \u00ebsht\u00eb vija e kuqe mes Lindjes dhe Per\u00ebndimit, duke u shprehur se n\u00eb Shqip\u00ebri ka shum\u00eb lindor\u00eb. Duke iu referuar k\u00ebtyre t\u00eb fundit \u00c7upi tha se pjesa m\u00eb e madhe e tyre jan\u00eb m\u00ebsuar n\u00eb shkoll\u00ebn e partis\u00eb komuniste dhe t\u00eb tjer\u00eb n\u00eb shkoll\u00ebn e korrupsionit.<\/p>\n<p>Deklarata e \u00c7upit:<\/p>\n<p>\u201cKam nj\u00eb shpres\u00eb te ngjarjet q\u00eb po ndodhin n\u00eb Ukrain\u00eb, te ngjarjet bot\u00ebrore. U b\u00ebn\u00eb vitet e Rom\u00ebs sa p\u00ebr t\u00eb ndryshuar gj\u00ebrat. N\u00eb planin global ose do kemi nj\u00eb rend tjet\u00ebr, me motor m\u00eb t\u00eb ndezur, ose do shkojm\u00eb n\u00eb negativ.<\/p>\n<p>Ukraina \u00ebsht\u00eb vija e kuqe mes Lindjes dhe Per\u00ebndimit. Ne kemi shum\u00eb lindor\u00eb. Jan\u00eb mjeshtra, pjesa m\u00eb e madhe jan\u00eb t\u00eb m\u00ebsuar n\u00eb shkollat e partis\u00eb komuniste, pjesa tjet\u00ebr n\u00eb shkoll\u00ebn e korrupsionit dhe pjesa tjet\u00ebr n\u00eb pam\u00ebshir\u00ebn p\u00ebr popullin e tyre. Dyshoj se Per\u00ebndimi humb n\u00ebse lufta b\u00ebhet globale. N\u00ebse Rusia p\u00ebrdor arm\u00eb b\u00ebrthamore seleksioni do jet\u00eb n\u00eb duar t\u00eb rast\u00ebsis\u00eb, u shpreh \u00c7upi.<\/p>\n","protected":false},"excerpt":{"rendered":"<p>Analisti Frrok \u00c7upi tha se Ukraina \u00ebsht\u00eb vija e kuqe mes Lindjes dhe Per\u00ebndimit, duke u shprehur se n\u00eb Shqip\u00ebri ka shum\u00eb lindor\u00eb. Duke iu referuar k\u00ebtyre t\u00eb fundit \u00c7upi tha se pjesa m\u00eb e madhe e tyre jan\u00eb m\u00ebsuar n\u00eb shkoll\u00ebn e partis\u00eb komuniste dhe t\u00eb tjer\u00eb n\u00eb shkoll\u00ebn e korrupsionit. Deklarata e \u00c7upit: [&hellip;]<\/p>\n","protected":false},"author":2020,"featured_media":189050,"comment_status":"closed","ping_status":"closed","sticky":false,"template":"","format":"standard","meta":{"footnotes":""},"categories":[241,5380,231],"tags":[],"class_list":{"0":"post-249532","1":"post","2":"type-post","3":"status-publish","4":"format-standard","5":"has-post-thumbnail","7":"category-aktualitet","8":"category-kryesore","9":"category-lajme"},"_links":{"self":[{"href":"https:\/\/zjarr.tv\/sq\/wp-json\/wp\/v2\/posts\/249532","targetHints":{"allow":["GET"]}}],"collection":[{"href":"https:\/\/zjarr.tv\/sq\/wp-json\/wp\/v2\/posts"}],"about":[{"href":"https:\/\/zjarr.tv\/sq\/wp-json\/wp\/v2\/types\/post"}],"author":[{"embeddable":true,"href":"https:\/\/zjarr.tv\/sq\/wp-json\/wp\/v2\/users\/2020"}],"replies":[{"embeddable":true,"href":"https:\/\/zjarr.tv\/sq\/wp-json\/wp\/v2\/comments?post=249532"}],"version-history":[{"count":0,"href":"https:\/\/zjarr.tv\/sq\/wp-json\/wp\/v2\/posts\/249532\/revisions"}],"wp:featuredmedia":[{"embeddable":true,"href":"https:\/\/zjarr.tv\/sq\/wp-json\/wp\/v2\/media\/189050"}],"wp:attachment":[{"href":"https:\/\/zjarr.tv\/sq\/wp-json\/wp\/v2\/media?parent=249532"}],"wp:term":[{"taxonomy":"category","embeddable":true,"href":"https:\/\/zjarr.tv\/sq\/wp-json\/wp\/v2\/categories?post=249532"},{"taxonomy":"post_tag","embeddable":true,"href":"https:\/\/zjarr.tv\/sq\/wp-json\/wp\/v2\/tags?post=249532"}],"curies":[{"name":"wp","href":"https:\/\/api.w.org\/{rel}","templated":true}]}}