{"id":249540,"date":"2022-04-07T12:33:25","date_gmt":"2022-04-07T10:33:25","guid":{"rendered":"https:\/\/zjarr.tv\/?p=249540"},"modified":"2022-04-07T12:33:25","modified_gmt":"2022-04-07T10:33:25","slug":"rama-merr-krah-nga-pergjigjet-e-qytetareve-anonime-do-ti-kerkojme-be-se-ndarjen-nga-maqedonia-e-veriut-ne-procesin-e-integrimit","status":"publish","type":"post","link":"https:\/\/zjarr.tv\/sq\/rama-merr-krah-nga-pergjigjet-e-qytetareve-anonime-do-ti-kerkojme-be-se-ndarjen-nga-maqedonia-e-veriut-ne-procesin-e-integrimit\/","title":{"rendered":"Rama \u2018merr krah\u2019 nga p\u00ebrgjigjet e qytetar\u00ebve anonim\u00eb: Do t\u2019i k\u00ebrkojm\u00eb BE-s\u00eb ndarjen nga Maqedonia e Veriut n\u00eb procesin e Integrimit"},"content":{"rendered":"<p>Kryeministri Edi Rama ka deklaruar se Shqip\u00ebria do t\u00eb k\u00ebrkoj\u00eb ndarjen e Shqip\u00ebris\u00eb nga Maqedonia e Veriut sa i takon procesit t\u00eb Integrimit n\u00eb BE, pas vetos bullgare.<\/p>\n<p>Pyetje: 67% kan\u00eb k\u00ebrkuar ndarjen e Shqip\u00ebris\u00eb nga Maqedonia p\u00ebr integrimin ne BE, a do e k\u00ebrkoni?<\/p>\n<p>Rama: Po absolutisht, mos m\u00eb pyesni mua a do b\u00ebj un\u00eb at\u00eb q\u00eb \u00ebsht\u00eb shprehur qart\u00eb nga qytetar\u00ebt.<\/p>\n<p>\u00c7\u00ebshtja e datave \u00ebsht\u00eb \u00e7\u00ebshtje e tyre, ne duhet t\u00eb b\u00ebjm\u00eb pun\u00ebn ton\u00eb, q\u00eb ky vend t\u00eb jet\u00eb me standardet e nj\u00eb vendi t\u00eb BE-s\u00eb.<\/p>\n<p>Shqip\u00ebria nuk do t\u00eb pres\u00eb q\u00eb dy komshinj fqinj t\u00eb zgjidhin problemin mes tyre, kursi i politik\u00ebs son\u00eb do t\u00eb ndryshoj\u00eb plot\u00ebsisht.<\/p>\n<p>N\u00eb nj\u00eb konferenc\u00eb m\u00eb gazetar\u00ebt, Rama ka prezantuar p\u00ebrgjigjet e K\u00ebshillimit Komb\u00ebtar, ku sipas tij kan\u00eb shprehur vullnetin m\u00eb shum\u00eb se 500 mij\u00eb qytetar\u00eb, ku nuk p\u00ebrjashtohet mund\u00ebsia q\u00eb nj\u00eb person t\u00eb jet\u00eb shprehur deri n\u00eb 3 her\u00eb.<\/p>\n<p>Identiteti i qytetar\u00ebve q\u00eb jan\u00eb shprehur n\u00eb k\u00ebt\u00eb proces k\u00ebshillimi \u00ebsht\u00eb mbajtur anonim\u00eb, nd\u00ebrkoh\u00eb q\u00eb kryeministri paralajm\u00ebroi se ky proces do t\u00eb p\u00ebrs\u00ebritet dhe n\u00eb raste t\u00eb tjera, kur qeveria ka dilema n\u00eb vendimmarrje.<\/p>\n","protected":false},"excerpt":{"rendered":"<p>Kryeministri Edi Rama ka deklaruar se Shqip\u00ebria do t\u00eb k\u00ebrkoj\u00eb ndarjen e Shqip\u00ebris\u00eb nga Maqedonia e Veriut sa i takon procesit t\u00eb Integrimit n\u00eb BE, pas vetos bullgare. Pyetje: 67% kan\u00eb k\u00ebrkuar ndarjen e Shqip\u00ebris\u00eb nga Maqedonia p\u00ebr integrimin ne BE, a do e k\u00ebrkoni? Rama: Po absolutisht, mos m\u00eb pyesni mua a do b\u00ebj [&hellip;]<\/p>\n","protected":false},"author":2020,"featured_media":249541,"comment_status":"closed","ping_status":"closed","sticky":false,"template":"","format":"standard","meta":{"footnotes":""},"categories":[241,5380,231],"tags":[],"class_list":{"0":"post-249540","1":"post","2":"type-post","3":"status-publish","4":"format-standard","5":"has-post-thumbnail","7":"category-aktualitet","8":"category-kryesore","9":"category-lajme"},"_links":{"self":[{"href":"https:\/\/zjarr.tv\/sq\/wp-json\/wp\/v2\/posts\/249540","targetHints":{"allow":["GET"]}}],"collection":[{"href":"https:\/\/zjarr.tv\/sq\/wp-json\/wp\/v2\/posts"}],"about":[{"href":"https:\/\/zjarr.tv\/sq\/wp-json\/wp\/v2\/types\/post"}],"author":[{"embeddable":true,"href":"https:\/\/zjarr.tv\/sq\/wp-json\/wp\/v2\/users\/2020"}],"replies":[{"embeddable":true,"href":"https:\/\/zjarr.tv\/sq\/wp-json\/wp\/v2\/comments?post=249540"}],"version-history":[{"count":0,"href":"https:\/\/zjarr.tv\/sq\/wp-json\/wp\/v2\/posts\/249540\/revisions"}],"wp:featuredmedia":[{"embeddable":true,"href":"https:\/\/zjarr.tv\/sq\/wp-json\/wp\/v2\/media\/249541"}],"wp:attachment":[{"href":"https:\/\/zjarr.tv\/sq\/wp-json\/wp\/v2\/media?parent=249540"}],"wp:term":[{"taxonomy":"category","embeddable":true,"href":"https:\/\/zjarr.tv\/sq\/wp-json\/wp\/v2\/categories?post=249540"},{"taxonomy":"post_tag","embeddable":true,"href":"https:\/\/zjarr.tv\/sq\/wp-json\/wp\/v2\/tags?post=249540"}],"curies":[{"name":"wp","href":"https:\/\/api.w.org\/{rel}","templated":true}]}}