{"id":249543,"date":"2022-04-07T12:44:21","date_gmt":"2022-04-07T10:44:21","guid":{"rendered":"https:\/\/zjarr.tv\/?p=249543"},"modified":"2022-04-07T12:44:21","modified_gmt":"2022-04-07T10:44:21","slug":"ristani-tregon-provat-pse-gjykata-i-dha-te-drejte-berishes","status":"publish","type":"post","link":"https:\/\/zjarr.tv\/sq\/ristani-tregon-provat-pse-gjykata-i-dha-te-drejte-berishes\/","title":{"rendered":"Ristani tregon provat pse gjykata i dha t\u00eb drejt\u00eb Berish\u00ebs"},"content":{"rendered":"<p>Ish-deputeti demokrat Arben Ristani ka folur dit\u00ebn e sotme n\u00eb emisionin \u201cradari Informativ\u201d dhe tha se vendimi p\u00ebr njohjen e Kuvendit t\u00eb \u201c11 Dhjetorit\u201d erdhi pasi u njoh me t\u00eb gjitha faktet e dokumentuara.<\/p>\n<p>Sipas Ristanit, n\u00eb Kuvend \u00e7do an\u00ebtar p\u00ebrve\u00e7 kart\u00ebs s\u00eb an\u00ebtar\u00ebsis\u00eb kishte dhe kart\u00ebn e identitetit duke mos l\u00ebn\u00eb vend p\u00ebr aludime.<\/p>\n<p>\u201cKuvendi i 11 Dhjetorit u mblodh si\u00e7 e dini mbi baz\u00ebn e nj\u00eb p\u00ebrcaktimi statutor t\u00eb PD, n\u00eb rastin kur \u00ebsht\u00eb nevoja p\u00ebr Kuvendit, i njihet e drejta an\u00ebtar\u00ebsis\u00eb.<\/p>\n<p>Mbi k\u00ebt\u00eb baz\u00eb Kuvendi u mblodh. N\u00eb baz\u00ebn e statutit u mblodh\u00ebn mbi norm\u00ebn mbi 4200 firma. M\u00eb pas u zhvillua Kuvendi ku \u00e7do an\u00ebtar mori kart\u00ebn e an\u00ebtar\u00ebsis\u00eb krahas kart\u00ebs \u00eb identitetit. 4200 firma t\u00eb shoq\u00ebruara me kart\u00ebs e an\u00ebtar\u00ebsis\u00eb bashk\u00eb me kart\u00ebn e identitetit dhe m\u00eb pas votimi ku jan\u00eb mij\u00ebra votues q\u00eb kan\u00eb vendosur firm\u00ebn dhe kart\u00ebn e identitetit, i gjith\u00eb ky dokumentacion \u00ebsht\u00eb paraqitur n\u00eb Gjykat\u00eb, kjo b\u00ebri q\u00eb Gjykata ta cil\u00ebsoi t\u00eb vlershme Kuvendin dhe solli regjistrimin\u201d, tha Ristani.<\/p>\n","protected":false},"excerpt":{"rendered":"<p>Ish-deputeti demokrat Arben Ristani ka folur dit\u00ebn e sotme n\u00eb emisionin \u201cradari Informativ\u201d dhe tha se vendimi p\u00ebr njohjen e Kuvendit t\u00eb \u201c11 Dhjetorit\u201d erdhi pasi u njoh me t\u00eb gjitha faktet e dokumentuara. Sipas Ristanit, n\u00eb Kuvend \u00e7do an\u00ebtar p\u00ebrve\u00e7 kart\u00ebs s\u00eb an\u00ebtar\u00ebsis\u00eb kishte dhe kart\u00ebn e identitetit duke mos l\u00ebn\u00eb vend p\u00ebr aludime. [&hellip;]<\/p>\n","protected":false},"author":2020,"featured_media":214526,"comment_status":"closed","ping_status":"closed","sticky":false,"template":"","format":"standard","meta":{"footnotes":""},"categories":[241,5380,231],"tags":[],"class_list":{"0":"post-249543","1":"post","2":"type-post","3":"status-publish","4":"format-standard","5":"has-post-thumbnail","7":"category-aktualitet","8":"category-kryesore","9":"category-lajme"},"_links":{"self":[{"href":"https:\/\/zjarr.tv\/sq\/wp-json\/wp\/v2\/posts\/249543","targetHints":{"allow":["GET"]}}],"collection":[{"href":"https:\/\/zjarr.tv\/sq\/wp-json\/wp\/v2\/posts"}],"about":[{"href":"https:\/\/zjarr.tv\/sq\/wp-json\/wp\/v2\/types\/post"}],"author":[{"embeddable":true,"href":"https:\/\/zjarr.tv\/sq\/wp-json\/wp\/v2\/users\/2020"}],"replies":[{"embeddable":true,"href":"https:\/\/zjarr.tv\/sq\/wp-json\/wp\/v2\/comments?post=249543"}],"version-history":[{"count":0,"href":"https:\/\/zjarr.tv\/sq\/wp-json\/wp\/v2\/posts\/249543\/revisions"}],"wp:featuredmedia":[{"embeddable":true,"href":"https:\/\/zjarr.tv\/sq\/wp-json\/wp\/v2\/media\/214526"}],"wp:attachment":[{"href":"https:\/\/zjarr.tv\/sq\/wp-json\/wp\/v2\/media?parent=249543"}],"wp:term":[{"taxonomy":"category","embeddable":true,"href":"https:\/\/zjarr.tv\/sq\/wp-json\/wp\/v2\/categories?post=249543"},{"taxonomy":"post_tag","embeddable":true,"href":"https:\/\/zjarr.tv\/sq\/wp-json\/wp\/v2\/tags?post=249543"}],"curies":[{"name":"wp","href":"https:\/\/api.w.org\/{rel}","templated":true}]}}