{"id":249545,"date":"2022-04-07T12:50:59","date_gmt":"2022-04-07T10:50:59","guid":{"rendered":"https:\/\/zjarr.tv\/?p=249545"},"modified":"2022-04-07T12:50:59","modified_gmt":"2022-04-07T10:50:59","slug":"konfirmohet-gripi-i-shpendeve-ne-shkoder-ngordhin-70-pula","status":"publish","type":"post","link":"https:\/\/zjarr.tv\/sq\/konfirmohet-gripi-i-shpendeve-ne-shkoder-ngordhin-70-pula\/","title":{"rendered":"Konfirmohet gripi i shpend\u00ebve n\u00eb Shkod\u00ebr, ngordhin 70 pula"},"content":{"rendered":"<p>Zgjerohet vatra e infektimit t\u00eb shpend\u00ebve n\u00eb vendin ton\u00eb. K\u00ebt\u00eb t\u00eb enjt\u00eb \u00ebsht\u00eb zbuluar nj\u00eb vat\u00ebr e re e gripit t\u00eb shpend\u00ebve n\u00eb Shkod\u00ebr, ku si pasoj\u00eb kan\u00eb ngordhur 70 pula n\u00eb nj\u00eb ferm\u00eb pr<\/p>\n<p>Lajmi \u00ebsht\u00eb konfirmuar nga Prefektja e qarkut t\u00eb Shkodr\u00ebs, Majlinda Angoni. \u00a0Ajo tha se\u00a0 sapo u konfirmua se\u00a0 pulat ishin prekur nga gripi, jan\u00eb gropousr menj\u00ebher\u00eb, nd\u00ebrsa shtoi se n\u00eb fundjav\u00eb do t\u00eb ket\u00eb kontrolle n\u00eb tregje.<\/p>\n<p>\u201cKemi pasur nj\u00eb rast t\u00eb dyshuar q\u00eb u \u00e7ua p\u00ebr analiza. Doli pozitiv. U tamponua zona. U mor\u00ebn t\u00eb gjitha masat. Sot \u00ebsht\u00eb gjith\u00e7ka e izoluar.<\/p>\n<p>Sot ishte edhe takimi p\u00ebr t\u00eb paraprir\u00eb rastet e tilla. Gjej rastin t\u00eb b\u00ebj thirrje q\u00eb \u00e7do rast i dyshuar t\u00eb paraqitet te mjeku veteriner p\u00ebr t\u00eb b\u00ebr\u00eb analizat dhe p\u00ebr t\u00eb marr\u00eb masat e duhura. Jan\u00eb 70 krer\u00eb pozitiv\u00eb. T\u00eb shtun\u00eb dh\u00ebe t\u00eb diel\u00eb do t\u00eb ket\u00eb kontrolle n\u00eb tregje\u201d, tha Angoni.<\/p>\n","protected":false},"excerpt":{"rendered":"<p>Zgjerohet vatra e infektimit t\u00eb shpend\u00ebve n\u00eb vendin ton\u00eb. K\u00ebt\u00eb t\u00eb enjt\u00eb \u00ebsht\u00eb zbuluar nj\u00eb vat\u00ebr e re e gripit t\u00eb shpend\u00ebve n\u00eb Shkod\u00ebr, ku si pasoj\u00eb kan\u00eb ngordhur 70 pula n\u00eb nj\u00eb ferm\u00eb pr Lajmi \u00ebsht\u00eb konfirmuar nga Prefektja e qarkut t\u00eb Shkodr\u00ebs, Majlinda Angoni. \u00a0Ajo tha se\u00a0 sapo u konfirmua se\u00a0 pulat ishin [&hellip;]<\/p>\n","protected":false},"author":2020,"featured_media":249546,"comment_status":"closed","ping_status":"closed","sticky":false,"template":"","format":"standard","meta":{"footnotes":""},"categories":[241,5380,231],"tags":[],"class_list":{"0":"post-249545","1":"post","2":"type-post","3":"status-publish","4":"format-standard","5":"has-post-thumbnail","7":"category-aktualitet","8":"category-kryesore","9":"category-lajme"},"_links":{"self":[{"href":"https:\/\/zjarr.tv\/sq\/wp-json\/wp\/v2\/posts\/249545","targetHints":{"allow":["GET"]}}],"collection":[{"href":"https:\/\/zjarr.tv\/sq\/wp-json\/wp\/v2\/posts"}],"about":[{"href":"https:\/\/zjarr.tv\/sq\/wp-json\/wp\/v2\/types\/post"}],"author":[{"embeddable":true,"href":"https:\/\/zjarr.tv\/sq\/wp-json\/wp\/v2\/users\/2020"}],"replies":[{"embeddable":true,"href":"https:\/\/zjarr.tv\/sq\/wp-json\/wp\/v2\/comments?post=249545"}],"version-history":[{"count":0,"href":"https:\/\/zjarr.tv\/sq\/wp-json\/wp\/v2\/posts\/249545\/revisions"}],"wp:featuredmedia":[{"embeddable":true,"href":"https:\/\/zjarr.tv\/sq\/wp-json\/wp\/v2\/media\/249546"}],"wp:attachment":[{"href":"https:\/\/zjarr.tv\/sq\/wp-json\/wp\/v2\/media?parent=249545"}],"wp:term":[{"taxonomy":"category","embeddable":true,"href":"https:\/\/zjarr.tv\/sq\/wp-json\/wp\/v2\/categories?post=249545"},{"taxonomy":"post_tag","embeddable":true,"href":"https:\/\/zjarr.tv\/sq\/wp-json\/wp\/v2\/tags?post=249545"}],"curies":[{"name":"wp","href":"https:\/\/api.w.org\/{rel}","templated":true}]}}