{"id":249554,"date":"2022-04-07T13:20:05","date_gmt":"2022-04-07T11:20:05","guid":{"rendered":"https:\/\/zjarr.tv\/?p=249554"},"modified":"2022-04-07T13:20:05","modified_gmt":"2022-04-07T11:20:05","slug":"voa-reduktohet-siperfaqja-e-butrintit-rama-ia-jep-parkun-nje-fondacioni","status":"publish","type":"post","link":"https:\/\/zjarr.tv\/sq\/voa-reduktohet-siperfaqja-e-butrintit-rama-ia-jep-parkun-nje-fondacioni\/","title":{"rendered":"VOA: Reduktohet sip\u00ebrfaqja e Butrintit\/ Rama ia jep parkun nj\u00eb fondacioni"},"content":{"rendered":"<p>VOA<\/p>\n<p>Qeveria shqiptare miratoi t\u00eb m\u00ebrkur\u00ebn nj\u00eb marr\u00ebveshje nd\u00ebrmjet Ministris\u00eb s\u00eb s\u00eb Kultur\u00ebs dhe Fondacionit t\u00eb Menaxhimit t\u00eb Butrintit p\u00ebr administrimin e n\u00ebnzonave t\u00eb trash\u00ebgimis\u00eb kulturore dhe peizazhit kulturor, pjes\u00eb e Parkut Komb\u00ebtar t\u00eb Butrintit. Marr\u00ebveshja pritet t\u00eb kaloj\u00eb n\u00eb parlament p\u00ebr t\u2019u miratuar.<\/p>\n<p>Ministrja e Kultur\u00ebs Elva Margariti shkruante n\u00eb rrjetin social Facebook se \u201cs\u00eb bashku me partnerin strategjik, Fondacionin Shqiptaro-Amerikan p\u00ebr Zhvillim (AADF) ministria kishte themeluar fondacionin e posa\u00e7\u00ebm t\u00eb menaxhimit t\u00eb Butrintit\u201d.<\/p>\n<p>\u201cKa pasur shum\u00eb debate, pik\u00ebpyetje, keqinformime, por gjej rastin t\u00eb qet\u00ebsoj k\u00ebdo n\u00eb lidhje me pron\u00ebsin\u00eb e Butrintit, se n\u00eb \u00e7do rast, pron\u00ebsia e territorit dhe aseteve i mbetet Ministris\u00eb, si p\u00ebrfaq\u00ebsues i shtetit\u201d tha zonja Margariti.<\/p>\n<p>Sipas Ministres s\u00eb Kultur\u00ebs Margariti marr\u00ebveshja parashikon q\u00eb Bordi i Fondacionit t\u00eb Menaxhimit t\u00eb Butrintit t\u00eb p\u00ebrb\u00ebhet nga 5 an\u00ebtar\u00eb, 2 prej t\u00eb cil\u00ebve nga Ministria e Kultur\u00ebs, 2 t\u00eb tjer\u00eb nga partneri strategjik AADF, nd\u00ebrsa nj\u00eb i pest\u00eb \u00ebsht\u00eb arkeologu i huaj britanik Ri\u00e7ard Hoxhes.<\/p>\n<p>Sipas zonj\u00ebs Margariti kontributi fillestar financiar i partnerit strategjik \u00ebsht\u00eb 5 milion\u00eb dollar\u00eb, nd\u00ebrsa ai i Ministris\u00eb s\u00eb Kultur\u00ebs, 2 milion\u00eb dollar\u00eb.<\/p>\n<p>Nj\u00eb p\u00ebrqindje e t\u00eb ardhurave t\u00eb Parkut t\u00eb Butrintit (duke filluar me 0,5% vitin e par\u00eb, deri n\u00eb 2% e t\u00eb ardhurave n\u00eb vitin e kat\u00ebrt) t\u00eb do t\u00eb derdhen n\u00eb Fondin e Trash\u00ebgimis\u00eb Kulturore, p\u00ebr t\u2019u investuar n\u00eb site t\u00eb tjera t\u00eb trash\u00ebgimsi\u00eb kulturore n\u00eb Shqip\u00ebri.<\/p>\n<p>Marr\u00ebveshja e miratuar t\u00eb m\u00ebrkur\u00ebn nga qeveria shqiptare mb\u00ebshtetet n\u00eb Planin e Menaxhimit t\u00eb Integruar p\u00ebr Parkun Komb\u00ebtar t\u00eb Butrintit 2020 \u2013 2030, nj\u00eb dokument prej 300 faqesh, hartuar nga kompania angleze \u201cPrince and Pearce\u201d, kontraktuar dhe mb\u00ebshtetur financiarisht nga Fondacioni Shqiptaro Amerikan p\u00ebr Zhvillim.<\/p>\n<p>Studiues dhe emra t\u00eb njohur t\u00eb trash\u00ebgimis\u00eb kulturore shqiptare ngrit\u00ebn shqet\u00ebsime gushtin e vitit 2020 kur u prezantua Plani i menaxhimit t\u00eb Butrintit p\u00ebr nj\u00eb form\u00eb t\u00eb till\u00eb menaxhimi p\u00ebrmes fondacioneve jo-shtet\u00ebrore.<\/p>\n<p>Arkeologu i njohur Neritan Ceka tha se Plani i Menaxhimit nuk kishte n\u00eb ekipin e tij asnj\u00eb arkeolog shqiptar.<\/p>\n<p>Nd\u00ebrsa studiuesi Agron Alibali, tha se Shqip\u00ebria ishte n\u00eb shkelje t\u00eb Konvent\u00ebs s\u00eb Parisit, e cila p\u00ebrcakton rolin e padiskutuesh\u00ebm par\u00ebsor t\u00eb shteteve an\u00ebtare, t\u00eb njohura si \u201cShtete Pal\u00eb\u201d, n\u00eb administrimin e pasurive kulturore dhe natyrore n\u00eb territoret e tyre.<\/p>\n<p>N\u00eb janar t\u00eb k\u00ebtij viti qeveria shqiptare mori nj\u00eb tjet\u00ebr vendim duke reduktuar sip\u00ebrfaqen e zon\u00ebs s\u00eb mbrojtur t\u00eb Parkut Komb\u00ebtar t\u00eb Butrintit nga 9.424,2 ha n\u00eb 8.622,2 ha n\u00eb kuad\u00ebr t\u00eb shqyrtimit t\u00eb kufijve t\u00eb disa parqeve natyrore dhe komb\u00ebtare n\u00eb vend.<\/p>\n<p>Sipas hart\u00ebs s\u00eb bashk\u00ebngjitur vendimit t\u00eb qeveris\u00eb p\u00ebr Butrintin nj\u00eb sip\u00ebrfaqe prej rreth 800 ha nga Manastiri, Gjiri i Hart\u00ebs dhe deri n\u00eb kufirin jugor tek Gjiri i Pem\u00ebs s\u00eb That\u00eb, nuk p\u00ebrfshihet m\u00eb n\u00eb statusin e zon\u00ebs s\u00eb mbrojtur, duke i hapur rrug\u00ebn investimeve turistike.<\/p>\n","protected":false},"excerpt":{"rendered":"<p>VOA Qeveria shqiptare miratoi t\u00eb m\u00ebrkur\u00ebn nj\u00eb marr\u00ebveshje nd\u00ebrmjet Ministris\u00eb s\u00eb s\u00eb Kultur\u00ebs dhe Fondacionit t\u00eb Menaxhimit t\u00eb Butrintit p\u00ebr administrimin e n\u00ebnzonave t\u00eb trash\u00ebgimis\u00eb kulturore dhe peizazhit kulturor, pjes\u00eb e Parkut Komb\u00ebtar t\u00eb Butrintit. Marr\u00ebveshja pritet t\u00eb kaloj\u00eb n\u00eb parlament p\u00ebr t\u2019u miratuar. Ministrja e Kultur\u00ebs Elva Margariti shkruante n\u00eb rrjetin social Facebook se [&hellip;]<\/p>\n","protected":false},"author":2020,"featured_media":249555,"comment_status":"closed","ping_status":"closed","sticky":false,"template":"","format":"standard","meta":{"footnotes":""},"categories":[241,5380,231],"tags":[],"class_list":{"0":"post-249554","1":"post","2":"type-post","3":"status-publish","4":"format-standard","5":"has-post-thumbnail","7":"category-aktualitet","8":"category-kryesore","9":"category-lajme"},"_links":{"self":[{"href":"https:\/\/zjarr.tv\/sq\/wp-json\/wp\/v2\/posts\/249554","targetHints":{"allow":["GET"]}}],"collection":[{"href":"https:\/\/zjarr.tv\/sq\/wp-json\/wp\/v2\/posts"}],"about":[{"href":"https:\/\/zjarr.tv\/sq\/wp-json\/wp\/v2\/types\/post"}],"author":[{"embeddable":true,"href":"https:\/\/zjarr.tv\/sq\/wp-json\/wp\/v2\/users\/2020"}],"replies":[{"embeddable":true,"href":"https:\/\/zjarr.tv\/sq\/wp-json\/wp\/v2\/comments?post=249554"}],"version-history":[{"count":0,"href":"https:\/\/zjarr.tv\/sq\/wp-json\/wp\/v2\/posts\/249554\/revisions"}],"wp:featuredmedia":[{"embeddable":true,"href":"https:\/\/zjarr.tv\/sq\/wp-json\/wp\/v2\/media\/249555"}],"wp:attachment":[{"href":"https:\/\/zjarr.tv\/sq\/wp-json\/wp\/v2\/media?parent=249554"}],"wp:term":[{"taxonomy":"category","embeddable":true,"href":"https:\/\/zjarr.tv\/sq\/wp-json\/wp\/v2\/categories?post=249554"},{"taxonomy":"post_tag","embeddable":true,"href":"https:\/\/zjarr.tv\/sq\/wp-json\/wp\/v2\/tags?post=249554"}],"curies":[{"name":"wp","href":"https:\/\/api.w.org\/{rel}","templated":true}]}}