{"id":249562,"date":"2022-04-07T13:39:38","date_gmt":"2022-04-07T11:39:38","guid":{"rendered":"https:\/\/zjarr.tv\/?p=249562"},"modified":"2022-04-07T13:39:38","modified_gmt":"2022-04-07T11:39:38","slug":"erion-brace-therret-fermeret-diten-e-kongresit-hajdeni-ne-sheshin-nene-tereza-ti-flasim-partise-socialiste","status":"publish","type":"post","link":"https:\/\/zjarr.tv\/sq\/erion-brace-therret-fermeret-diten-e-kongresit-hajdeni-ne-sheshin-nene-tereza-ti-flasim-partise-socialiste\/","title":{"rendered":"Erion Bra\u00e7e th\u00ebrret fermer\u00ebt dit\u00ebn e Kongresit: Hajdeni n\u00eb sheshin \u201cN\u00ebn\u00eb Tereza\u201d, t\u2019i flasim Partis\u00eb Socialiste!"},"content":{"rendered":"<p>Deputeti socialist Erion Bra\u00e7e u ka b\u00ebr\u00eb thirrje t\u00eb gjith\u00eb socialist\u00ebve q\u00eb jetojn\u00eb n\u00eb zonat rurakle dhe q\u00eb merren me bujq\u00ebsi, q\u00eb t\u00eb shtun\u00ebn e Kongresit t\u00eb vijn\u00eb n\u00eb Tiran\u00eb. Arsyeja \u00ebsht\u00eb thot\u00eb ai, kriza e ushqimeve dhe \u00e7mimeve.<\/p>\n<p>T\u00eb shtun\u00ebn e 9 prillit PS do t\u00eb mbaj\u00eb Kongresin e radh\u00ebs dhe vet\u00eb kryeministri Rama ka k\u00ebrkuar q\u00eb deputet\u00ebt t\u00eb jen\u00eb kritik\u00eb dhe t\u00eb shtrojn\u00eb hallet e njer\u00ebzve, nd\u00ebrkoh\u00eb q\u00eb tha se nrdyshe nga her\u00ebt e kaluara, aty do t\u00eb jen\u00eb t\u00eb pranish\u00ebm dhe grupe t\u00eb caktuara interesi.<\/p>\n<p>\u201cKam tre muaj qe flas e argumentoj tamam per keto! Askush nuk degjon! Ndaj, te shtune, ne oren 9.00, ne Sheshin Nene Tereza, ti flasim Partise Socialiste tamam per hallin e bujkut, blegtorit, prodhimit te tyre dhe ushqimit tone, ushqimit te te gjitheve\u201d, shkruan nd\u00ebr t\u00eb tjera Bra\u00e7e.<\/p>\n<p>\u201cA degjon me njeri ne kete vend? Per krizen e ushqimeve, te cmimeve dhe burimeve! Urdheroni cfare rekomandon Banka Boterore edhe per Shqiperine;<\/p>\n<p>Heqje te menjehershme te barrierave dhe HAPJE TE TREGUT TE IMPUTEVE BUJQESORE, plehrave komi dhe perdorimin efikas te tyre;<\/p>\n<p>Mbeshtetje me te madhe e me efikase buxhetore per prodhuesit bujqesor e blegtoral ne vend\u201d, p\u00ebrmbyll Bra\u00e7e.<\/p>\n","protected":false},"excerpt":{"rendered":"<p>Deputeti socialist Erion Bra\u00e7e u ka b\u00ebr\u00eb thirrje t\u00eb gjith\u00eb socialist\u00ebve q\u00eb jetojn\u00eb n\u00eb zonat rurakle dhe q\u00eb merren me bujq\u00ebsi, q\u00eb t\u00eb shtun\u00ebn e Kongresit t\u00eb vijn\u00eb n\u00eb Tiran\u00eb. Arsyeja \u00ebsht\u00eb thot\u00eb ai, kriza e ushqimeve dhe \u00e7mimeve. T\u00eb shtun\u00ebn e 9 prillit PS do t\u00eb mbaj\u00eb Kongresin e radh\u00ebs dhe vet\u00eb kryeministri Rama [&hellip;]<\/p>\n","protected":false},"author":2020,"featured_media":249563,"comment_status":"closed","ping_status":"closed","sticky":false,"template":"","format":"standard","meta":{"footnotes":""},"categories":[241,5380,231],"tags":[],"class_list":{"0":"post-249562","1":"post","2":"type-post","3":"status-publish","4":"format-standard","5":"has-post-thumbnail","7":"category-aktualitet","8":"category-kryesore","9":"category-lajme"},"_links":{"self":[{"href":"https:\/\/zjarr.tv\/sq\/wp-json\/wp\/v2\/posts\/249562","targetHints":{"allow":["GET"]}}],"collection":[{"href":"https:\/\/zjarr.tv\/sq\/wp-json\/wp\/v2\/posts"}],"about":[{"href":"https:\/\/zjarr.tv\/sq\/wp-json\/wp\/v2\/types\/post"}],"author":[{"embeddable":true,"href":"https:\/\/zjarr.tv\/sq\/wp-json\/wp\/v2\/users\/2020"}],"replies":[{"embeddable":true,"href":"https:\/\/zjarr.tv\/sq\/wp-json\/wp\/v2\/comments?post=249562"}],"version-history":[{"count":0,"href":"https:\/\/zjarr.tv\/sq\/wp-json\/wp\/v2\/posts\/249562\/revisions"}],"wp:featuredmedia":[{"embeddable":true,"href":"https:\/\/zjarr.tv\/sq\/wp-json\/wp\/v2\/media\/249563"}],"wp:attachment":[{"href":"https:\/\/zjarr.tv\/sq\/wp-json\/wp\/v2\/media?parent=249562"}],"wp:term":[{"taxonomy":"category","embeddable":true,"href":"https:\/\/zjarr.tv\/sq\/wp-json\/wp\/v2\/categories?post=249562"},{"taxonomy":"post_tag","embeddable":true,"href":"https:\/\/zjarr.tv\/sq\/wp-json\/wp\/v2\/tags?post=249562"}],"curies":[{"name":"wp","href":"https:\/\/api.w.org\/{rel}","templated":true}]}}