{"id":249570,"date":"2022-04-07T13:58:23","date_gmt":"2022-04-07T11:58:23","guid":{"rendered":"https:\/\/zjarr.tv\/?p=249570"},"modified":"2022-04-07T13:58:23","modified_gmt":"2022-04-07T11:58:23","slug":"arrestimi-i-alqi-bllakos-dhe-zyrtareve-te-tjere-rama-zbulon-vendimin-qe-ka-marre","status":"publish","type":"post","link":"https:\/\/zjarr.tv\/sq\/arrestimi-i-alqi-bllakos-dhe-zyrtareve-te-tjere-rama-zbulon-vendimin-qe-ka-marre\/","title":{"rendered":"Arrestimi i Alqi Bllakos dhe zyrtar\u00ebve t\u00eb tjer\u00eb, Rama zbulon vendimin q\u00eb ka marr\u00eb"},"content":{"rendered":"<p>Kryeministri Edi Rama ka folur s\u00ebrish p\u00ebr arrestimet e kryera p\u00ebr inceneraotr\u00ebt. Sipas tij, p\u00ebrgjegj\u00ebsia \u00ebsht\u00eb individuale. Ai k\u00ebrkoi q\u00eb personat e arrestuar t\u00eb mos trajtohen si t\u00eb d\u00ebnuar, por t\u00eb pritet vendimi p\u00ebrfundimtar i gjykat\u00ebs. Rama tha po ashtu, se nuk mundet t\u00eb nd\u00ebrpriten kontratat me koncesionet, pasi nj\u00eb gj\u00eb e till\u00eb \u00ebsht\u00eb e pamundur, p\u00ebr shkak t\u00eb nj\u00eb s\u00ebr\u00eb arsyesh.<\/p>\n<p>\u201cShteti, qeveria, nuk vepron si gazet\u00eb, e as vepron n\u00eb baz\u00eb t\u00eb reagimit n\u00eb dukje krejt t\u00eb natyrsh\u00ebm individual, se si individ\u00eb jasht\u00eb k\u00ebsaj barr\u00ebs s\u00eb k\u00ebsaj zyre mendoj si ju. Por ligj\u00ebrisht, sepse kemi t\u00eb b\u00ebjm\u00eb me proces q\u00eb vazhdon dhe jo vendim t\u00eb form\u00ebs s\u00eb prer\u00eb. N\u00ebse ne b\u00ebjm\u00eb k\u00ebt\u00eb, q\u00eb si reagim e p\u00ebrs\u00ebris, i menj\u00ebhersh\u00ebm n\u00eb nivelin individual edhe un\u00eb e kam si ju, ne shkelim ligjin. Sa her\u00eb do e p\u00ebrs\u00ebrisim k\u00ebt\u00eb dhe deri kur do t\u00eb vazhdoj\u00eb q\u00eb gazetar\u00ebt t\u00eb b\u00ebjn\u00eb propagand\u00eb kur b\u00ebjn\u00eb pyetje.<\/p>\n<p>N\u00eb nj\u00eb tas trazojm\u00eb miellin, krip\u00ebn, vajin e ullirit, uthull\u00ebn dhe ujin. Ngjeshim brumin dhe e l\u00ebm\u00eb 1 or\u00eb t\u00eb pushoj\u00eb. E ndajm\u00eb n\u00eb 12 topa t\u00eb vegj\u00ebl dhe hapim 12 kule\u00e7\u00eb. I b\u00ebjm\u00eb 2 stiva (6 e 6) me vaj nd\u00ebrmjet. M\u00eb pas hapim 2 pet\u00ebt. Nd\u00ebrkoh\u00eb n\u00eb tigan skuqim pat\u00ebllxhan\u00ebt e prer\u00eb n\u00eb cop\u00ebza dhe sapo t\u00eb zbuten e t\u00eb marrin ngjyr\u00eb, shtojm\u00eb dhe salc\u00ebn e domateve. U shtojn\u00eb pak uj\u00eb q\u00eb t\u00eb gatuhen. M\u00eb pas shtojm\u00eb krip\u00eb, piper t\u00eb zi dhe nenexhik t\u00eb fresk\u00ebt. Vendosim nj\u00ebr\u00ebn pet\u00eb n\u00eb tav\u00eb, mbushjen si dhe pana n\u00ebp\u00ebr t\u00eb. Vendosim pet\u00ebn tjet\u00ebr lart, e presim n\u00eb cop\u00ebza byrekun, e lyejm\u00eb me vaj dhe e pjekim me 220 grad\u00eb p\u00ebr 25 minuta.<\/p>\n<p>Deri kur gazetar\u00ebt t\u00eb b\u00ebjn\u00eb prokurorin kur b\u00ebjn\u00eb pyetje. P\u00ebr ata q\u00eb d\u00ebgjojn\u00eb krijohet p\u00ebrshtypja q\u00eb juve jeni me an\u00ebn e duhur dhe ne me at\u00eb t\u00eb gabuar\u00ebn. Nd\u00ebrkoh\u00eb e v\u00ebrteta \u00ebsht\u00eb ndryshe. Ne jemi n\u00eb t\u00eb nj\u00ebjt\u00ebn an\u00eb bashk\u00ebrisht, n\u00eb reagimin e arsyes s\u00eb nj\u00eb bisede mes njer\u00ebzish q\u00eb s\u2019kan\u00eb p\u00ebrgjegj\u00ebsi. N\u00eb raportin me p\u00ebrgjegj\u00ebsin\u00eb ne jemi n\u00eb an\u00ebn e duhur. Nuk nd\u00ebrpret kontrata qeveria n\u00eb procese q\u00eb nuk kan\u00eb p\u00ebrfunduar. \u00cbsht\u00eb e ndaluar me ligj, nuk b\u00ebhet. Ndaj nuk ka lidhje fare as me sekuestrot, as me k\u00ebrkimet, as me arrestimet\u201d, tha Rama.<\/p>\n","protected":false},"excerpt":{"rendered":"<p>Kryeministri Edi Rama ka folur s\u00ebrish p\u00ebr arrestimet e kryera p\u00ebr inceneraotr\u00ebt. Sipas tij, p\u00ebrgjegj\u00ebsia \u00ebsht\u00eb individuale. Ai k\u00ebrkoi q\u00eb personat e arrestuar t\u00eb mos trajtohen si t\u00eb d\u00ebnuar, por t\u00eb pritet vendimi p\u00ebrfundimtar i gjykat\u00ebs. Rama tha po ashtu, se nuk mundet t\u00eb nd\u00ebrpriten kontratat me koncesionet, pasi nj\u00eb gj\u00eb e till\u00eb \u00ebsht\u00eb e [&hellip;]<\/p>\n","protected":false},"author":2020,"featured_media":178950,"comment_status":"closed","ping_status":"closed","sticky":false,"template":"","format":"standard","meta":{"footnotes":""},"categories":[241,5380,231],"tags":[],"class_list":{"0":"post-249570","1":"post","2":"type-post","3":"status-publish","4":"format-standard","5":"has-post-thumbnail","7":"category-aktualitet","8":"category-kryesore","9":"category-lajme"},"_links":{"self":[{"href":"https:\/\/zjarr.tv\/sq\/wp-json\/wp\/v2\/posts\/249570","targetHints":{"allow":["GET"]}}],"collection":[{"href":"https:\/\/zjarr.tv\/sq\/wp-json\/wp\/v2\/posts"}],"about":[{"href":"https:\/\/zjarr.tv\/sq\/wp-json\/wp\/v2\/types\/post"}],"author":[{"embeddable":true,"href":"https:\/\/zjarr.tv\/sq\/wp-json\/wp\/v2\/users\/2020"}],"replies":[{"embeddable":true,"href":"https:\/\/zjarr.tv\/sq\/wp-json\/wp\/v2\/comments?post=249570"}],"version-history":[{"count":0,"href":"https:\/\/zjarr.tv\/sq\/wp-json\/wp\/v2\/posts\/249570\/revisions"}],"wp:featuredmedia":[{"embeddable":true,"href":"https:\/\/zjarr.tv\/sq\/wp-json\/wp\/v2\/media\/178950"}],"wp:attachment":[{"href":"https:\/\/zjarr.tv\/sq\/wp-json\/wp\/v2\/media?parent=249570"}],"wp:term":[{"taxonomy":"category","embeddable":true,"href":"https:\/\/zjarr.tv\/sq\/wp-json\/wp\/v2\/categories?post=249570"},{"taxonomy":"post_tag","embeddable":true,"href":"https:\/\/zjarr.tv\/sq\/wp-json\/wp\/v2\/tags?post=249570"}],"curies":[{"name":"wp","href":"https:\/\/api.w.org\/{rel}","templated":true}]}}