{"id":249578,"date":"2022-04-07T14:43:03","date_gmt":"2022-04-07T12:43:03","guid":{"rendered":"https:\/\/zjarr.tv\/?p=249578"},"modified":"2022-04-07T14:43:03","modified_gmt":"2022-04-07T12:43:03","slug":"7-prill-1939-italia-pushtoi-shqiperine-ambasada-amerikane-shba-ishin-i-vetmi-vend-qe-e-denuan","status":"publish","type":"post","link":"https:\/\/zjarr.tv\/sq\/7-prill-1939-italia-pushtoi-shqiperine-ambasada-amerikane-shba-ishin-i-vetmi-vend-qe-e-denuan\/","title":{"rendered":"\u201c7 Prill 1939 Italia pushtoi Shqip\u00ebrin\u00eb\u201d, Ambasada amerikane: SHBA ishin i vetmi vend q\u00eb e d\u00ebnuan!"},"content":{"rendered":"<p>Ambasada Amerikane ka rikujtuar pushtimin e Shqip\u00ebris\u00eb nga Italia m\u00eb 1939. P\u00ebrmes artikulli t\u00eb postuar asoj kohe, ambasada n\u00eb nj\u00eb reagim n\u00eb \u201cFacebook\u201d shkruan se n\u00eb po k\u00ebt\u00eb dit\u00eb, m\u00eb dat\u00ebn 7 Prill t\u00eb vitit 1939, Sekretari Amerikan i Shtetit Cordell Hull, e d\u00ebnoi sulmin si nj\u00eb \u201cpushtim t\u00eb ashp\u00ebr dhe t\u00eb dhunsh\u00ebm.<\/p>\n<p>Ambasada thekson se Shtetet e Bashkuara t\u00eb Amerik\u00ebs, ishin i vetmi vend q\u00eb e d\u00ebnuan pushtimin asoj kohe.<\/p>\n<p>\u201cN\u00eb k\u00ebt\u00eb dat\u00eb, 7 Prill 1939, Shqip\u00ebria u pushtua nga Italia. N\u00eb t\u00eb nj\u00ebjt\u00ebn dit\u00eb, gazeta Ne\u00eb York Times raportoi se Sekretari Amerikan i Shtetit Cordell Hull, e d\u00ebnoi sulmin si nj\u00eb \u201cpushtim t\u00eb ashp\u00ebr dhe t\u00eb dhunsh\u00ebm\u201d, i cili p\u00ebrb\u00ebnte \u201cpadiskutim nj\u00eb k\u00ebrc\u00ebnim shtes\u00eb p\u00ebr paqen n\u00eb bot\u00eb\u201d. Shtetet e Bashkuara ishin i vetmi vend q\u00eb d\u00ebnoi pushtimin n\u00eb at\u00eb koh\u00eb. Sekretari Hull e b\u00ebri deklarat\u00ebn e tij n\u00eb nj\u00eb konferenc\u00eb p\u00ebr shtyp me miratimin e Presidentit Franklin D. Roosevelt.<\/p>\n<p>Sipas artikullit t\u00eb Times, deklarata u pasua pak or\u00eb m\u00eb von\u00eb nga nj\u00eb protest\u00eb zyrtare p\u00ebr pushtimin, d\u00ebrguar Departamentit t\u00eb Shtetit nga Faik Konica, n\u00eb at\u00eb koh\u00eb Ambasador i Shqip\u00ebris\u00eb n\u00eb Shtetet e Bashkuara. Artikulli p\u00ebrfshin gjithashtu nj\u00eb foto t\u00eb Konic\u00ebs duke d\u00ebgjuar lajmet radiofonike t\u00eb pushtimit italian n\u00eb vendlindjen e tij\u201d, shkruan Ambasada.<\/p>\n","protected":false},"excerpt":{"rendered":"<p>Ambasada Amerikane ka rikujtuar pushtimin e Shqip\u00ebris\u00eb nga Italia m\u00eb 1939. P\u00ebrmes artikulli t\u00eb postuar asoj kohe, ambasada n\u00eb nj\u00eb reagim n\u00eb \u201cFacebook\u201d shkruan se n\u00eb po k\u00ebt\u00eb dit\u00eb, m\u00eb dat\u00ebn 7 Prill t\u00eb vitit 1939, Sekretari Amerikan i Shtetit Cordell Hull, e d\u00ebnoi sulmin si nj\u00eb \u201cpushtim t\u00eb ashp\u00ebr dhe t\u00eb dhunsh\u00ebm. Ambasada thekson [&hellip;]<\/p>\n","protected":false},"author":2020,"featured_media":169190,"comment_status":"closed","ping_status":"closed","sticky":false,"template":"","format":"standard","meta":{"footnotes":""},"categories":[241,5380,231],"tags":[],"class_list":{"0":"post-249578","1":"post","2":"type-post","3":"status-publish","4":"format-standard","5":"has-post-thumbnail","7":"category-aktualitet","8":"category-kryesore","9":"category-lajme"},"_links":{"self":[{"href":"https:\/\/zjarr.tv\/sq\/wp-json\/wp\/v2\/posts\/249578","targetHints":{"allow":["GET"]}}],"collection":[{"href":"https:\/\/zjarr.tv\/sq\/wp-json\/wp\/v2\/posts"}],"about":[{"href":"https:\/\/zjarr.tv\/sq\/wp-json\/wp\/v2\/types\/post"}],"author":[{"embeddable":true,"href":"https:\/\/zjarr.tv\/sq\/wp-json\/wp\/v2\/users\/2020"}],"replies":[{"embeddable":true,"href":"https:\/\/zjarr.tv\/sq\/wp-json\/wp\/v2\/comments?post=249578"}],"version-history":[{"count":0,"href":"https:\/\/zjarr.tv\/sq\/wp-json\/wp\/v2\/posts\/249578\/revisions"}],"wp:featuredmedia":[{"embeddable":true,"href":"https:\/\/zjarr.tv\/sq\/wp-json\/wp\/v2\/media\/169190"}],"wp:attachment":[{"href":"https:\/\/zjarr.tv\/sq\/wp-json\/wp\/v2\/media?parent=249578"}],"wp:term":[{"taxonomy":"category","embeddable":true,"href":"https:\/\/zjarr.tv\/sq\/wp-json\/wp\/v2\/categories?post=249578"},{"taxonomy":"post_tag","embeddable":true,"href":"https:\/\/zjarr.tv\/sq\/wp-json\/wp\/v2\/tags?post=249578"}],"curies":[{"name":"wp","href":"https:\/\/api.w.org\/{rel}","templated":true}]}}