{"id":249582,"date":"2022-04-07T15:04:07","date_gmt":"2022-04-07T13:04:07","guid":{"rendered":"https:\/\/zjarr.tv\/?p=249582"},"modified":"2022-04-07T15:04:07","modified_gmt":"2022-04-07T13:04:07","slug":"te-domosdoshme-dhe-te-vonuara-meta-dekreton-dy-marreveshje-te-rendesishme-mes-shqiperise-dhe-kosoves","status":"publish","type":"post","link":"https:\/\/zjarr.tv\/sq\/te-domosdoshme-dhe-te-vonuara-meta-dekreton-dy-marreveshje-te-rendesishme-mes-shqiperise-dhe-kosoves\/","title":{"rendered":"\u201cT\u00eb domosdoshme dhe t\u00eb vonuara\u201d, Meta dekreton dy marr\u00ebveshje t\u00eb r\u00ebnd\u00ebsishme mes Shqip\u00ebris\u00eb dhe Kosov\u00ebs"},"content":{"rendered":"<p>Presidenti Ilir Meta ka dekretuar sot dy ligje t\u00eb r\u00ebnd\u00ebssishme bashk\u00ebpunimi mes Shqip\u00ebris\u00eb dhe Kosov\u00ebs. Sipas njoftimit, b\u00ebhet me dije se Kreu i Shtetit ka dekretuar: Ligjin p\u00ebr ratifikimin e marr\u00ebveshjes nd\u00ebrmjet K\u00ebshillit t\u00eb Ministrave t\u00eb Shqip\u00ebris\u00eb dhe qeveris\u00eb s\u00eb Republik\u00ebs s\u00eb Kosov\u00ebs, p\u00ebr zbatimin e leht\u00ebsirave t\u00eb nd\u00ebrsjella n\u00eb procedurat doganore.<\/p>\n<p>-Ligjin P\u00ebr ratifikimin e marr\u00ebveshjes nd\u00ebrmjet K\u00ebshillit t\u00eb Ministrave t\u00eb Republik\u00ebs s\u00eb Shqip\u00ebris\u00eb dhe qeveris\u00eb s\u00eb Republik\u00ebs s\u00eb Kosov\u00ebs p\u00ebr ndihm\u00eb t\u00eb nd\u00ebrsjell\u00eb juridike n\u00eb \u00e7\u00ebshtjet civile dhe tregtare.<\/p>\n<p>M\u00eb her\u00ebt Meta deklaroi se k\u00ebto marr\u00ebveshje jan\u00eb t\u00eb vonuara dhe tep\u00ebr t\u00eb domosdoshme p\u00ebr partneritetin me vendin fqinj, si\u00e7 \u00ebsht\u00eb Kosova. Njoftim i Institucionit t\u00eb Presidentit t\u00eb Republik\u00ebs: Presidenti i Republik\u00ebs, Sh.T.Z. Ilir Meta, ka dekretuar me shpallje ligjet e m\u00ebposhtme:<\/p>\n<p>1 \u2013 Ligj nr. 26\/2022 \u201cP\u00ebr ratifikimin e marr\u00ebveshjes nd\u00ebrmjet K\u00ebshillit t\u00eb Ministrave t\u00eb Republik\u00ebs s\u00eb Shqip\u00ebris\u00eb dhe qeveris\u00eb s\u00eb Republik\u00ebs s\u00eb Kosov\u00ebs p\u00ebr zbatimin e leht\u00ebsirave t\u00eb nd\u00ebrsjella n\u00eb procedurat doganore dhe\/ose t\u00eb kontrollit t\u00eb hyrje-daljes s\u00eb mallrave\u201d. Zbatimi i leht\u00ebsirave n\u00eb procedurat doganore, duke eliminuar burokracin\u00eb nga t\u00eb dy an\u00ebt e kufirit, \u00ebsht\u00eb nj\u00eb mas\u00eb tjet\u00ebr e vonuar mes Shqip\u00ebris\u00eb dhe Kosov\u00ebs. Implementimi i k\u00ebsaj marr\u00ebveshjeje do t\u00eb nxis\u00eb rritjen e qarkullimit t\u00eb mallrave dhe leht\u00ebsoj\u00eb veprimtarit\u00eb e agjencive doganore shqiptare dhe kosovare.<\/p>\n<p>2 \u2013 Ligj nr. 27\/2022 \u201cP\u00ebr ratifikimin e marr\u00ebveshjes nd\u00ebrmjet K\u00ebshillit t\u00eb Ministrave t\u00eb Republik\u00ebs s\u00eb Shqip\u00ebris\u00eb dhe qeveris\u00eb s\u00eb Republik\u00ebs s\u00eb Kosov\u00ebs p\u00ebr ndihm\u00eb t\u00eb nd\u00ebrsjell\u00eb juridike n\u00eb \u00e7\u00ebshtjet civile dhe tregtare\u201d. Kjo marr\u00ebveshje jo vet\u00ebm ishte domosdoshm\u00ebri p\u00ebr forcimin e marr\u00ebdh\u00ebnieve dypal\u00ebshe, duke zgjeruar bashk\u00ebpunimin juridik edhe n\u00eb \u00e7\u00ebshtjet civile dhe tregtare, por do t\u00eb ndihmoj\u00eb n\u00eb realizimin m\u00eb efikas t\u00eb t\u00eb drejtave dhe interesave t\u00eb ligjsh\u00ebm t\u00eb qytetar\u00ebve n\u00eb Shqip\u00ebri dhe Kosov\u00eb, q\u00eb p\u00ebrfshijn\u00eb procedurat lidhur me gjendjen civile, \u00e7\u00ebshtjet familjare, marr\u00ebdh\u00ebniet e pun\u00ebs, \u00e7\u00ebshtjet e pron\u00ebsis\u00eb, trash\u00ebgimin\u00eb dhe marr\u00ebdh\u00ebnie t\u00eb tjera civile ose tregtare.<\/p>\n<p>Gjithashtu, p\u00ebrjashtimi nga detyrimi p\u00ebr legalizim t\u00eb dokumenteve t\u00eb autoriteteve t\u00eb Shqip\u00ebris\u00eb dhe Kosov\u00ebs, \u00ebsht\u00eb nj\u00eb leht\u00ebsi m\u00eb shum\u00eb p\u00ebr shtetasit shqiptar\u00eb dhe kosovar<\/p>\n","protected":false},"excerpt":{"rendered":"<p>Presidenti Ilir Meta ka dekretuar sot dy ligje t\u00eb r\u00ebnd\u00ebssishme bashk\u00ebpunimi mes Shqip\u00ebris\u00eb dhe Kosov\u00ebs. Sipas njoftimit, b\u00ebhet me dije se Kreu i Shtetit ka dekretuar: Ligjin p\u00ebr ratifikimin e marr\u00ebveshjes nd\u00ebrmjet K\u00ebshillit t\u00eb Ministrave t\u00eb Shqip\u00ebris\u00eb dhe qeveris\u00eb s\u00eb Republik\u00ebs s\u00eb Kosov\u00ebs, p\u00ebr zbatimin e leht\u00ebsirave t\u00eb nd\u00ebrsjella n\u00eb procedurat doganore. -Ligjin P\u00ebr ratifikimin [&hellip;]<\/p>\n","protected":false},"author":2020,"featured_media":131410,"comment_status":"closed","ping_status":"closed","sticky":false,"template":"","format":"standard","meta":{"footnotes":""},"categories":[241,337,231],"tags":[],"class_list":{"0":"post-249582","1":"post","2":"type-post","3":"status-publish","4":"format-standard","5":"has-post-thumbnail","7":"category-aktualitet","8":"category-kulture","9":"category-lajme"},"_links":{"self":[{"href":"https:\/\/zjarr.tv\/sq\/wp-json\/wp\/v2\/posts\/249582","targetHints":{"allow":["GET"]}}],"collection":[{"href":"https:\/\/zjarr.tv\/sq\/wp-json\/wp\/v2\/posts"}],"about":[{"href":"https:\/\/zjarr.tv\/sq\/wp-json\/wp\/v2\/types\/post"}],"author":[{"embeddable":true,"href":"https:\/\/zjarr.tv\/sq\/wp-json\/wp\/v2\/users\/2020"}],"replies":[{"embeddable":true,"href":"https:\/\/zjarr.tv\/sq\/wp-json\/wp\/v2\/comments?post=249582"}],"version-history":[{"count":0,"href":"https:\/\/zjarr.tv\/sq\/wp-json\/wp\/v2\/posts\/249582\/revisions"}],"wp:featuredmedia":[{"embeddable":true,"href":"https:\/\/zjarr.tv\/sq\/wp-json\/wp\/v2\/media\/131410"}],"wp:attachment":[{"href":"https:\/\/zjarr.tv\/sq\/wp-json\/wp\/v2\/media?parent=249582"}],"wp:term":[{"taxonomy":"category","embeddable":true,"href":"https:\/\/zjarr.tv\/sq\/wp-json\/wp\/v2\/categories?post=249582"},{"taxonomy":"post_tag","embeddable":true,"href":"https:\/\/zjarr.tv\/sq\/wp-json\/wp\/v2\/tags?post=249582"}],"curies":[{"name":"wp","href":"https:\/\/api.w.org\/{rel}","templated":true}]}}