{"id":249593,"date":"2022-04-07T15:41:23","date_gmt":"2022-04-07T13:41:23","guid":{"rendered":"https:\/\/zjarr.tv\/?p=249593"},"modified":"2022-04-07T15:41:23","modified_gmt":"2022-04-07T13:41:23","slug":"fatmir-mediu-reagon-ne-kongresin-amerikan-shba-e-shqetesuar-per-influencen-ruse-ne-ballkan","status":"publish","type":"post","link":"https:\/\/zjarr.tv\/sq\/fatmir-mediu-reagon-ne-kongresin-amerikan-shba-e-shqetesuar-per-influencen-ruse-ne-ballkan\/","title":{"rendered":"Fatmir Mediu reagon n\u00eb Kongresin Amerikan: SHBA e shqet\u00ebsuar p\u00ebr influenc\u00ebn ruse n\u00eb Ballkan"},"content":{"rendered":"<p>Kryetari i Partis\u00eb Republikane, Fatmir Mediu, ndodhet n\u00eb SHBA, ku po zhvillon takime n\u00eb Senat dhe Kongres. Gjat\u00eb k\u00ebsaj vizite, kreu i PR, \u00ebsht\u00eb takuar me Senator\u00ebt Jim Inhofe, James Lankford, Mike Lee dhe kongresmen\u00ebt, Pete Sessions, Michael McCaul e Mike Galler.<\/p>\n<p>N\u00eb bisedat mes tyre \u00ebsht\u00eb diskutuar p\u00ebr organizimin e nj\u00eb forumi sigurie n\u00eb Kongres me p\u00ebrfaq\u00ebsues t\u00eb Europ\u00ebs Juglindore, kryesisht t\u00eb Ballkanit, p\u00ebr t\u00eb vler\u00ebsuar problemet e shkaktuara nga pushtimi rus n\u00eb Ukrain\u00eb. Theks i ve\u00e7ant\u00eb gjithashtu i \u00ebsht\u00eb v\u00ebn\u00eb garantimit t\u00eb pavar\u00ebsis\u00eb energjetike t\u00eb rajonit dhe Europ\u00ebs, nga Rusia si dhe mb\u00ebshtetjen q\u00eb mund t\u00eb japin SHBA-t\u00eb.<\/p>\n<p>M\u00ebsohet se \u00ebsht\u00eb folur po ashtu p\u00ebr rolin q\u00eb ka Shqip\u00ebria n\u00eb nd\u00ebrtimin e TAP, ku \u00ebsht\u00eb vendosur n\u00eb dukje se kompanit\u00eb amerikane po tregojn\u00eb gjithnj\u00eb e m\u00eb shum\u00eb interes, p\u00ebr t\u00eb bashk\u00ebpunuar me Shqip\u00ebrin\u00eb n\u00eb fush\u00ebn e energjis\u00eb<\/p>\n","protected":false},"excerpt":{"rendered":"<p>Kryetari i Partis\u00eb Republikane, Fatmir Mediu, ndodhet n\u00eb SHBA, ku po zhvillon takime n\u00eb Senat dhe Kongres. Gjat\u00eb k\u00ebsaj vizite, kreu i PR, \u00ebsht\u00eb takuar me Senator\u00ebt Jim Inhofe, James Lankford, Mike Lee dhe kongresmen\u00ebt, Pete Sessions, Michael McCaul e Mike Galler. N\u00eb bisedat mes tyre \u00ebsht\u00eb diskutuar p\u00ebr organizimin e nj\u00eb forumi sigurie n\u00eb [&hellip;]<\/p>\n","protected":false},"author":2020,"featured_media":157531,"comment_status":"closed","ping_status":"closed","sticky":false,"template":"","format":"standard","meta":{"footnotes":""},"categories":[241,5380,231],"tags":[],"class_list":{"0":"post-249593","1":"post","2":"type-post","3":"status-publish","4":"format-standard","5":"has-post-thumbnail","7":"category-aktualitet","8":"category-kryesore","9":"category-lajme"},"_links":{"self":[{"href":"https:\/\/zjarr.tv\/sq\/wp-json\/wp\/v2\/posts\/249593","targetHints":{"allow":["GET"]}}],"collection":[{"href":"https:\/\/zjarr.tv\/sq\/wp-json\/wp\/v2\/posts"}],"about":[{"href":"https:\/\/zjarr.tv\/sq\/wp-json\/wp\/v2\/types\/post"}],"author":[{"embeddable":true,"href":"https:\/\/zjarr.tv\/sq\/wp-json\/wp\/v2\/users\/2020"}],"replies":[{"embeddable":true,"href":"https:\/\/zjarr.tv\/sq\/wp-json\/wp\/v2\/comments?post=249593"}],"version-history":[{"count":0,"href":"https:\/\/zjarr.tv\/sq\/wp-json\/wp\/v2\/posts\/249593\/revisions"}],"wp:featuredmedia":[{"embeddable":true,"href":"https:\/\/zjarr.tv\/sq\/wp-json\/wp\/v2\/media\/157531"}],"wp:attachment":[{"href":"https:\/\/zjarr.tv\/sq\/wp-json\/wp\/v2\/media?parent=249593"}],"wp:term":[{"taxonomy":"category","embeddable":true,"href":"https:\/\/zjarr.tv\/sq\/wp-json\/wp\/v2\/categories?post=249593"},{"taxonomy":"post_tag","embeddable":true,"href":"https:\/\/zjarr.tv\/sq\/wp-json\/wp\/v2\/tags?post=249593"}],"curies":[{"name":"wp","href":"https:\/\/api.w.org\/{rel}","templated":true}]}}