{"id":249595,"date":"2022-04-07T15:46:52","date_gmt":"2022-04-07T13:46:52","guid":{"rendered":"https:\/\/zjarr.tv\/?p=249595"},"modified":"2022-04-07T15:46:52","modified_gmt":"2022-04-07T13:46:52","slug":"akuzat-e-berishes-ndaj-yuri-kim-reagon-ashper-escobar-jam-i-tronditur-eshte-njelloj-si-te-sulmosh-presidentin-joe-biden","status":"publish","type":"post","link":"https:\/\/zjarr.tv\/sq\/akuzat-e-berishes-ndaj-yuri-kim-reagon-ashper-escobar-jam-i-tronditur-eshte-njelloj-si-te-sulmosh-presidentin-joe-biden\/","title":{"rendered":"Akuzat e Berish\u00ebs ndaj Yuri Kim, reagon ashp\u00ebr Escobar: Jam i tronditur, \u00ebsht\u00eb nj\u00eblloj si t\u00eb sulmosh presidentin Joe Biden"},"content":{"rendered":"<p>Gabriel Escobar, i d\u00ebrguari special nga DASH p\u00ebr Ballkanin Per\u00ebndimor, ka reaguar pas deklaratave t\u00eb b\u00ebra nga ish kryeministri Sali Berisha p\u00ebr ambasadoren amerikane Yuri Kim duke e cil\u00ebsuar k\u00ebt\u00eb t\u00eb fundit si nj\u00eb \u201cguvernatore\u201d.<\/p>\n<p>N\u00eb reagimin e b\u00ebr\u00eb p\u00ebr TCH, Escobar mohon se Yuri Kim po vepronte n\u00eb baz\u00eb t\u00eb interesave personale duke theksuar se ajo p\u00ebrfaq\u00ebsonte SHBA-t\u00eb n\u00eb Shqip\u00ebri. N\u00eb p\u00ebrgjigjien e dh\u00ebn\u00eb, Escobar shpreh se Kim ishte p\u00ebrfaq\u00ebsuese personale e presidentit amerikan Joe Biden.<\/p>\n<p>Nd\u00ebrsa shtoi m\u00eb tej se pozicioni i SHBA-ve p\u00ebr t\u00eb shpallurit \u201cnon-grata\u201d nuk do t\u00eb ndryshonte.<\/p>\n<p>\u201cJam i tronditur nga sulmet ndaj ambasadores ton\u00eb t\u00eb SHBA n\u00eb Tiran\u00eb. Ne e dim\u00eb se ofensiva e k\u00ebtyre sulmeve nuk p\u00ebrfaq\u00ebson popullin shqiptar\u00eb. Ambasadorja Kim \u00ebsht\u00eb p\u00ebrfaq\u00ebsuese personale e Presidentit t\u00eb Shteteve t\u00eb Bashkuara. Si\u00e7 edhe z\u00ebdh\u00ebn\u00ebsi Departamentit t\u00eb Shtetit e b\u00ebri t\u00eb qart\u00eb n\u00eb Dhjetor ne presim prej saj t\u00eb vazhduarit t\u00eb shpjeguarit dhe zbatuarit t\u00eb politikave t\u00eb SHBA, p\u00ebrfshi ato t\u00eb Presidentit Biden p\u00ebrfshi vendosm\u00ebrin\u00eb q\u00eb ne do t\u00eb vendosim p\u00ebrpara p\u00ebrgjegj\u00ebsis\u00eb ata t\u00eb p\u00ebrfshir\u00eb n\u00eb korrupsion e minojn\u00eb demokracin\u00eb\u201d, tha Escobar.<\/p>\n<p>\u201cPozicioni yn\u00eb n\u00eb lidhje me t\u00eb shpallurit NonGrata p\u00ebr korrupsion apo minojn\u00eb demokracin\u00eb \u00ebsht\u00eb i qart\u00eb, i vendosur, i fort\u00eb dhe i pandryshuar\u201d, sipas Escobar.<\/p>\n<p><img loading=\"lazy\" decoding=\"async\" class=\"alignnone size-medium wp-image-249597\" src=\"https:\/\/zjarr.tv\/wp-content\/uploads\/2022\/04\/4899-287x300.png\" alt=\"\" width=\"287\" height=\"300\" srcset=\"https:\/\/zjarr.tv\/wp-content\/uploads\/2022\/04\/4899-287x300.png 287w, https:\/\/zjarr.tv\/wp-content\/uploads\/2022\/04\/4899.png 363w\" sizes=\"auto, (max-width: 287px) 100vw, 287px\" \/><\/p>\n","protected":false},"excerpt":{"rendered":"<p>Gabriel Escobar, i d\u00ebrguari special nga DASH p\u00ebr Ballkanin Per\u00ebndimor, ka reaguar pas deklaratave t\u00eb b\u00ebra nga ish kryeministri Sali Berisha p\u00ebr ambasadoren amerikane Yuri Kim duke e cil\u00ebsuar k\u00ebt\u00eb t\u00eb fundit si nj\u00eb \u201cguvernatore\u201d. N\u00eb reagimin e b\u00ebr\u00eb p\u00ebr TCH, Escobar mohon se Yuri Kim po vepronte n\u00eb baz\u00eb t\u00eb interesave personale duke theksuar [&hellip;]<\/p>\n","protected":false},"author":2020,"featured_media":249598,"comment_status":"closed","ping_status":"closed","sticky":false,"template":"","format":"standard","meta":{"footnotes":""},"categories":[241,5380,231],"tags":[],"class_list":{"0":"post-249595","1":"post","2":"type-post","3":"status-publish","4":"format-standard","5":"has-post-thumbnail","7":"category-aktualitet","8":"category-kryesore","9":"category-lajme"},"_links":{"self":[{"href":"https:\/\/zjarr.tv\/sq\/wp-json\/wp\/v2\/posts\/249595","targetHints":{"allow":["GET"]}}],"collection":[{"href":"https:\/\/zjarr.tv\/sq\/wp-json\/wp\/v2\/posts"}],"about":[{"href":"https:\/\/zjarr.tv\/sq\/wp-json\/wp\/v2\/types\/post"}],"author":[{"embeddable":true,"href":"https:\/\/zjarr.tv\/sq\/wp-json\/wp\/v2\/users\/2020"}],"replies":[{"embeddable":true,"href":"https:\/\/zjarr.tv\/sq\/wp-json\/wp\/v2\/comments?post=249595"}],"version-history":[{"count":0,"href":"https:\/\/zjarr.tv\/sq\/wp-json\/wp\/v2\/posts\/249595\/revisions"}],"wp:featuredmedia":[{"embeddable":true,"href":"https:\/\/zjarr.tv\/sq\/wp-json\/wp\/v2\/media\/249598"}],"wp:attachment":[{"href":"https:\/\/zjarr.tv\/sq\/wp-json\/wp\/v2\/media?parent=249595"}],"wp:term":[{"taxonomy":"category","embeddable":true,"href":"https:\/\/zjarr.tv\/sq\/wp-json\/wp\/v2\/categories?post=249595"},{"taxonomy":"post_tag","embeddable":true,"href":"https:\/\/zjarr.tv\/sq\/wp-json\/wp\/v2\/tags?post=249595"}],"curies":[{"name":"wp","href":"https:\/\/api.w.org\/{rel}","templated":true}]}}