{"id":249603,"date":"2022-04-07T16:17:13","date_gmt":"2022-04-07T14:17:13","guid":{"rendered":"https:\/\/zjarr.tv\/?p=249603"},"modified":"2022-04-07T16:17:13","modified_gmt":"2022-04-07T14:17:13","slug":"legalizmi-i-kanabisit-noka-bandat-do-te-lulezojne-me-shume-ne-shqiperi","status":"publish","type":"post","link":"https:\/\/zjarr.tv\/sq\/legalizmi-i-kanabisit-noka-bandat-do-te-lulezojne-me-shume-ne-shqiperi\/","title":{"rendered":"Legalizmi i kanabisit, Noka: Bandat do t\u00eb lul\u00ebzojn\u00eb m\u00eb shum\u00eb n\u00eb Shqip\u00ebri"},"content":{"rendered":"<p>Legalizimin e kanabisit p\u00ebr q\u00ebllime mjek\u00ebsore nga qeveria shqiptare, opozita e ka cil\u00ebsuar si nj\u00eb favorizim q\u00eb Rama do t\u2019i b\u00ebj\u00eb disa biznesmen\u00ebve, t\u00eb cil\u00ebt, sipas deputetit demokrat Flamur Noka, do t\u00eb kthehen n\u00eb ushtar\u00eb e zullumit n\u00eb vendin ton\u00eb.<\/p>\n<p>Sipas tij, pas k\u00ebtij vendimi n\u00eb Shqip\u00ebri do t\u00eb kemi shtim t\u00eb bandave kriminale.<\/p>\n<p>\u201cN\u00eb Shqip\u00ebri pas k\u00ebtij vendimi q\u00eb pritet t\u00eb marr\u00eb Rama e qeveria e tij, do t\u00eb shihni se bandat do t\u00eb lul\u00ebzojn\u00eb, tregtia e drog\u00ebs do t\u00eb jet\u00eb n\u00eb p\u00ebrmasa t\u00eb frikshme. Jeni d\u00ebshmitar\u00eb se ministrat rrin\u00eb n\u00ebn thundr\u00ebn e krimit t\u00eb organizuar dhe ju mendoni q\u00eb ata 4-5 klient\u00eb t\u00eb Ram\u00ebs apo biznesmen\u00eb q\u00eb ai do t\u00eb licencoj\u00eb p\u00ebr t\u00eb kultivuar kanabisin, nuk do t\u00eb jen\u00eb n\u00ebn thundr\u00ebn e krimit? Kush do t\u2019i mbroj\u00eb ata nga ky krim? Ose \u00ebsht\u00eb skenar q\u00eb indirekt t\u2019ia legalizoj\u00eb krimit kultivimin e kanabisit ose ata biznesmen\u00eb do t\u00eb shnd\u00ebrrohen n\u00eb ushtar\u00eb t\u00eb krimit, sepse \u00ebsht\u00eb shnd\u00ebrruar qeveria\u201d.<\/p>\n","protected":false},"excerpt":{"rendered":"<p>Legalizimin e kanabisit p\u00ebr q\u00ebllime mjek\u00ebsore nga qeveria shqiptare, opozita e ka cil\u00ebsuar si nj\u00eb favorizim q\u00eb Rama do t\u2019i b\u00ebj\u00eb disa biznesmen\u00ebve, t\u00eb cil\u00ebt, sipas deputetit demokrat Flamur Noka, do t\u00eb kthehen n\u00eb ushtar\u00eb e zullumit n\u00eb vendin ton\u00eb. Sipas tij, pas k\u00ebtij vendimi n\u00eb Shqip\u00ebri do t\u00eb kemi shtim t\u00eb bandave kriminale. \u201cN\u00eb [&hellip;]<\/p>\n","protected":false},"author":2020,"featured_media":249604,"comment_status":"closed","ping_status":"closed","sticky":false,"template":"","format":"standard","meta":{"footnotes":""},"categories":[241,5380,231],"tags":[],"class_list":{"0":"post-249603","1":"post","2":"type-post","3":"status-publish","4":"format-standard","5":"has-post-thumbnail","7":"category-aktualitet","8":"category-kryesore","9":"category-lajme"},"_links":{"self":[{"href":"https:\/\/zjarr.tv\/sq\/wp-json\/wp\/v2\/posts\/249603","targetHints":{"allow":["GET"]}}],"collection":[{"href":"https:\/\/zjarr.tv\/sq\/wp-json\/wp\/v2\/posts"}],"about":[{"href":"https:\/\/zjarr.tv\/sq\/wp-json\/wp\/v2\/types\/post"}],"author":[{"embeddable":true,"href":"https:\/\/zjarr.tv\/sq\/wp-json\/wp\/v2\/users\/2020"}],"replies":[{"embeddable":true,"href":"https:\/\/zjarr.tv\/sq\/wp-json\/wp\/v2\/comments?post=249603"}],"version-history":[{"count":0,"href":"https:\/\/zjarr.tv\/sq\/wp-json\/wp\/v2\/posts\/249603\/revisions"}],"wp:featuredmedia":[{"embeddable":true,"href":"https:\/\/zjarr.tv\/sq\/wp-json\/wp\/v2\/media\/249604"}],"wp:attachment":[{"href":"https:\/\/zjarr.tv\/sq\/wp-json\/wp\/v2\/media?parent=249603"}],"wp:term":[{"taxonomy":"category","embeddable":true,"href":"https:\/\/zjarr.tv\/sq\/wp-json\/wp\/v2\/categories?post=249603"},{"taxonomy":"post_tag","embeddable":true,"href":"https:\/\/zjarr.tv\/sq\/wp-json\/wp\/v2\/tags?post=249603"}],"curies":[{"name":"wp","href":"https:\/\/api.w.org\/{rel}","templated":true}]}}