{"id":249617,"date":"2022-04-07T17:57:26","date_gmt":"2022-04-07T15:57:26","guid":{"rendered":"https:\/\/zjarr.tv\/?p=249617"},"modified":"2022-04-07T17:57:26","modified_gmt":"2022-04-07T15:57:26","slug":"berisha-denoncon-me-foto-turp-jo-vetem-anketa-e-keshillimit-kombetar-por-edhe-komentet-pozitive-per-ramen-jane-false","status":"publish","type":"post","link":"https:\/\/zjarr.tv\/sq\/berisha-denoncon-me-foto-turp-jo-vetem-anketa-e-keshillimit-kombetar-por-edhe-komentet-pozitive-per-ramen-jane-false\/","title":{"rendered":"Berisha denoncon me foto: Turp! Jo vet\u00ebm anketa e K\u00ebshillimit Komb\u00ebtar, por edhe komentet pozitive p\u00ebr Ram\u00ebn jan\u00eb false"},"content":{"rendered":"<p>Dit\u00ebn e sotme kryeministri Edi Rama ka prezantuar rezultatet e K\u00ebshillimit Komb\u00ebtar, ku sipas tij, m\u00eb shum\u00eb se 500 mij\u00eb qytetar\u00eb u jan\u00eb p\u00ebrgjigjur pyetjeve t\u00eb qeveris\u00eb.<\/p>\n<p>Por ish-kryeministri Sali Berisha e quan anket\u00ebn e Ram\u00ebs t\u00eb falsifikuar. Ai nuk ndalet me kaq, pasi ka postuar disa foto ku thot\u00eb se edhe komentet pozitive q\u00eb mori kryeministri gjat\u00eb videos \u201clive\u201d n\u00eb facebook jan\u00eb false.<\/p>\n<p>\u201cNjelloj si anketa eshte fund e krye fallsifikim, po keshtu fake jane dhe komentet pozitive per Ramen.<\/p>\n<p>Nese i shikoni me kujdes te gjitha keto llogarite e FB jane fake. Ato qe te gjitha shkruajne<\/p>\n<p>\u201cNew Facebook Account\u201d Turp, turp, turp\u201d, shkruan Berisha.<\/p>\n<p><img loading=\"lazy\" decoding=\"async\" class=\"alignnone size-medium wp-image-249618\" src=\"https:\/\/zjarr.tv\/wp-content\/uploads\/2022\/04\/Untitled-design-2022-04-07T175506.321-300x251.jpg\" alt=\"\" width=\"300\" height=\"251\" srcset=\"https:\/\/zjarr.tv\/wp-content\/uploads\/2022\/04\/Untitled-design-2022-04-07T175506.321-300x251.jpg 300w, https:\/\/zjarr.tv\/wp-content\/uploads\/2022\/04\/Untitled-design-2022-04-07T175506.321-768x644.jpg 768w, https:\/\/zjarr.tv\/wp-content\/uploads\/2022\/04\/Untitled-design-2022-04-07T175506.321-696x583.jpg 696w, https:\/\/zjarr.tv\/wp-content\/uploads\/2022\/04\/Untitled-design-2022-04-07T175506.321-501x420.jpg 501w, https:\/\/zjarr.tv\/wp-content\/uploads\/2022\/04\/Untitled-design-2022-04-07T175506.321.jpg 940w\" sizes=\"auto, (max-width: 300px) 100vw, 300px\" \/><img loading=\"lazy\" decoding=\"async\" class=\"alignnone size-medium wp-image-249619\" src=\"https:\/\/zjarr.tv\/wp-content\/uploads\/2022\/04\/Untitled-design-2022-04-07T175537.368-300x251.jpg\" alt=\"\" width=\"300\" height=\"251\" srcset=\"https:\/\/zjarr.tv\/wp-content\/uploads\/2022\/04\/Untitled-design-2022-04-07T175537.368-300x251.jpg 300w, https:\/\/zjarr.tv\/wp-content\/uploads\/2022\/04\/Untitled-design-2022-04-07T175537.368-768x644.jpg 768w, https:\/\/zjarr.tv\/wp-content\/uploads\/2022\/04\/Untitled-design-2022-04-07T175537.368-696x583.jpg 696w, https:\/\/zjarr.tv\/wp-content\/uploads\/2022\/04\/Untitled-design-2022-04-07T175537.368-501x420.jpg 501w, https:\/\/zjarr.tv\/wp-content\/uploads\/2022\/04\/Untitled-design-2022-04-07T175537.368.jpg 940w\" sizes=\"auto, (max-width: 300px) 100vw, 300px\" \/><\/p>\n","protected":false},"excerpt":{"rendered":"<p>Dit\u00ebn e sotme kryeministri Edi Rama ka prezantuar rezultatet e K\u00ebshillimit Komb\u00ebtar, ku sipas tij, m\u00eb shum\u00eb se 500 mij\u00eb qytetar\u00eb u jan\u00eb p\u00ebrgjigjur pyetjeve t\u00eb qeveris\u00eb. Por ish-kryeministri Sali Berisha e quan anket\u00ebn e Ram\u00ebs t\u00eb falsifikuar. Ai nuk ndalet me kaq, pasi ka postuar disa foto ku thot\u00eb se edhe komentet pozitive q\u00eb [&hellip;]<\/p>\n","protected":false},"author":2030,"featured_media":249620,"comment_status":"closed","ping_status":"closed","sticky":false,"template":"","format":"standard","meta":{"footnotes":""},"categories":[241,3366,5380,231,1454],"tags":[],"class_list":{"0":"post-249617","1":"post","2":"type-post","3":"status-publish","4":"format-standard","5":"has-post-thumbnail","7":"category-aktualitet","8":"category-koment","9":"category-kryesore","10":"category-lajme","11":"category-politike"},"_links":{"self":[{"href":"https:\/\/zjarr.tv\/sq\/wp-json\/wp\/v2\/posts\/249617","targetHints":{"allow":["GET"]}}],"collection":[{"href":"https:\/\/zjarr.tv\/sq\/wp-json\/wp\/v2\/posts"}],"about":[{"href":"https:\/\/zjarr.tv\/sq\/wp-json\/wp\/v2\/types\/post"}],"author":[{"embeddable":true,"href":"https:\/\/zjarr.tv\/sq\/wp-json\/wp\/v2\/users\/2030"}],"replies":[{"embeddable":true,"href":"https:\/\/zjarr.tv\/sq\/wp-json\/wp\/v2\/comments?post=249617"}],"version-history":[{"count":0,"href":"https:\/\/zjarr.tv\/sq\/wp-json\/wp\/v2\/posts\/249617\/revisions"}],"wp:featuredmedia":[{"embeddable":true,"href":"https:\/\/zjarr.tv\/sq\/wp-json\/wp\/v2\/media\/249620"}],"wp:attachment":[{"href":"https:\/\/zjarr.tv\/sq\/wp-json\/wp\/v2\/media?parent=249617"}],"wp:term":[{"taxonomy":"category","embeddable":true,"href":"https:\/\/zjarr.tv\/sq\/wp-json\/wp\/v2\/categories?post=249617"},{"taxonomy":"post_tag","embeddable":true,"href":"https:\/\/zjarr.tv\/sq\/wp-json\/wp\/v2\/tags?post=249617"}],"curies":[{"name":"wp","href":"https:\/\/api.w.org\/{rel}","templated":true}]}}