{"id":249623,"date":"2022-04-07T18:03:22","date_gmt":"2022-04-07T16:03:22","guid":{"rendered":"https:\/\/zjarr.tv\/?p=249623"},"modified":"2022-04-07T18:03:22","modified_gmt":"2022-04-07T16:03:22","slug":"po-tjetersohet-historia-qytetaret-e-vlores-mblidhen-serish-ne-proteste-te-sheshi-i-flamurit-kunder-projektit","status":"publish","type":"post","link":"https:\/\/zjarr.tv\/sq\/po-tjetersohet-historia-qytetaret-e-vlores-mblidhen-serish-ne-proteste-te-sheshi-i-flamurit-kunder-projektit\/","title":{"rendered":"\u201cPo tjetersohet historia!\u201d qytetar\u00ebt e Vlor\u00ebs mblidhen s\u00ebrish n\u00eb protest\u00eb te \u201cSheshi i Flamurit\u201d, kund\u00ebr projektit"},"content":{"rendered":"<p>Qytetar\u00ebt e Vlor\u00ebs dhe shoq\u00ebria civile jan\u00eb mbledhur s\u00ebrish dit\u00ebn e sotme n\u00eb protest\u00eb pran\u00eb sheshit t\u00eb flamurit n\u00eb Vlor\u00eb.<\/p>\n<p>Kjo \u00ebsht\u00eb protesta e dyt\u00eb e zhvilluar n\u00eb Vlor\u00eb pas asaj t\u00eb dit\u00ebs s\u00eb diel zhvilluar n\u00eb \u201cSheshin e flamurit\u201d.<\/p>\n<p>Kjo protest\u00eb po zhvillohet n\u00eb kuad\u00ebr t\u00eb projektit n\u00eb sheshin e flamurit, pasi sipas qytetar\u00ebve po tjet\u00ebrsohet historia.<\/p>\n<p>Sipas qytetar\u00ebve, projekti n\u00eb k\u00ebt\u00eb shesh po rr\u00ebnon historin\u00eb n\u00eb nj\u00eb shesh q\u00eb i p\u00ebrket jo vet\u00ebm Vlor\u00ebs por edhe gjith\u00eb shqiptar\u00ebve kudo ku jan\u00eb.<\/p>\n<p>Disa nga k\u00ebrkesat e qytetar\u00ebve jan\u00eb transparenca mbi k\u00ebt\u00eb projekt dhe fondet e investimit, por mbi t\u00eb gjitha mbi faktin se n\u00eb k\u00ebt\u00eb shesh po rr\u00ebnohet historia e qytetit t\u00eb pavar\u00ebsis\u00eb por edhe e gjith\u00eb shqiptar\u00ebve.<\/p>\n<p>Edhe dit\u00ebn e diel\u00eb nj\u00eb grup qytetar\u00ebsh dhe p\u00ebrfaq\u00ebsues t\u00eb shoq\u00ebris\u00eb civile n\u00eb Vlor\u00eb kan\u00eb protestuar, nd\u00ebrkoh\u00eb q\u00eb n\u00ebse nuk plot\u00ebsohen kushtet e tyre at\u00ebhere protestat do t\u00eb p\u00ebrshkall\u00ebzojn\u00eb.<\/p>\n","protected":false},"excerpt":{"rendered":"<p>Qytetar\u00ebt e Vlor\u00ebs dhe shoq\u00ebria civile jan\u00eb mbledhur s\u00ebrish dit\u00ebn e sotme n\u00eb protest\u00eb pran\u00eb sheshit t\u00eb flamurit n\u00eb Vlor\u00eb. Kjo \u00ebsht\u00eb protesta e dyt\u00eb e zhvilluar n\u00eb Vlor\u00eb pas asaj t\u00eb dit\u00ebs s\u00eb diel zhvilluar n\u00eb \u201cSheshin e flamurit\u201d. Kjo protest\u00eb po zhvillohet n\u00eb kuad\u00ebr t\u00eb projektit n\u00eb sheshin e flamurit, pasi sipas qytetar\u00ebve [&hellip;]<\/p>\n","protected":false},"author":2030,"featured_media":249624,"comment_status":"closed","ping_status":"closed","sticky":false,"template":"","format":"standard","meta":{"footnotes":""},"categories":[241,5380,231],"tags":[],"class_list":{"0":"post-249623","1":"post","2":"type-post","3":"status-publish","4":"format-standard","5":"has-post-thumbnail","7":"category-aktualitet","8":"category-kryesore","9":"category-lajme"},"_links":{"self":[{"href":"https:\/\/zjarr.tv\/sq\/wp-json\/wp\/v2\/posts\/249623","targetHints":{"allow":["GET"]}}],"collection":[{"href":"https:\/\/zjarr.tv\/sq\/wp-json\/wp\/v2\/posts"}],"about":[{"href":"https:\/\/zjarr.tv\/sq\/wp-json\/wp\/v2\/types\/post"}],"author":[{"embeddable":true,"href":"https:\/\/zjarr.tv\/sq\/wp-json\/wp\/v2\/users\/2030"}],"replies":[{"embeddable":true,"href":"https:\/\/zjarr.tv\/sq\/wp-json\/wp\/v2\/comments?post=249623"}],"version-history":[{"count":0,"href":"https:\/\/zjarr.tv\/sq\/wp-json\/wp\/v2\/posts\/249623\/revisions"}],"wp:featuredmedia":[{"embeddable":true,"href":"https:\/\/zjarr.tv\/sq\/wp-json\/wp\/v2\/media\/249624"}],"wp:attachment":[{"href":"https:\/\/zjarr.tv\/sq\/wp-json\/wp\/v2\/media?parent=249623"}],"wp:term":[{"taxonomy":"category","embeddable":true,"href":"https:\/\/zjarr.tv\/sq\/wp-json\/wp\/v2\/categories?post=249623"},{"taxonomy":"post_tag","embeddable":true,"href":"https:\/\/zjarr.tv\/sq\/wp-json\/wp\/v2\/tags?post=249623"}],"curies":[{"name":"wp","href":"https:\/\/api.w.org\/{rel}","templated":true}]}}