{"id":249627,"date":"2022-04-07T18:08:00","date_gmt":"2022-04-07T16:08:00","guid":{"rendered":"https:\/\/zjarr.tv\/?p=249627"},"modified":"2022-04-07T18:08:00","modified_gmt":"2022-04-07T16:08:00","slug":"mbeshtetja-false-e-rames-e-ne-rrjetet-sociale","status":"publish","type":"post","link":"https:\/\/zjarr.tv\/sq\/mbeshtetja-false-e-rames-e-ne-rrjetet-sociale\/","title":{"rendered":"Mb\u00ebshtetja false e Ram\u00ebs e n\u00eb rrjetet sociale"},"content":{"rendered":"<p>N\u00eb transmetimet live t\u00eb Edi Ram\u00ebs n\u00eb Facebook, v\u00ebrehen komente t\u00eb shumta pozitive.<\/p>\n<p>Edhe sot, pasi Rama foli p\u00ebr nj\u00eb \u00e7\u00ebshtje q\u00eb ngjall debat, legalizimin e kanabisit, v\u00ebrshuan komentet pozitive q\u00eb i dalin n\u00eb mbrojtje atij dhe zgjedhjeve t\u00eb b\u00ebra.<\/p>\n<p>E v\u00ebrteta \u00ebsht\u00eb se komentet n\u00eb faqen e Edi Ram\u00ebs, b\u00ebhen kryesisht nga profile t\u00eb rreme t\u00eb krijuara n\u00eb Facebook.<\/p>\n<p>Prej nj\u00eb v\u00ebzhgimi t\u00eb shpejt\u00eb t\u00eb nj\u00eb grupi profilesh q\u00eb kan\u00eb komentuar pro tij, shikohet qart\u00eb se jan\u00eb profile t\u00eb sapo krijuara, pasi ato t\u00eb vjetrat, rrjeti social i ka mbyllur, p\u00ebr shkak se jan\u00eb falso.<\/p>\n<p><img loading=\"lazy\" decoding=\"async\" class=\"alignnone size-medium wp-image-249618\" src=\"https:\/\/zjarr.tv\/wp-content\/uploads\/2022\/04\/Untitled-design-2022-04-07T175506.321-300x251.jpg\" alt=\"\" width=\"300\" height=\"251\" srcset=\"https:\/\/zjarr.tv\/wp-content\/uploads\/2022\/04\/Untitled-design-2022-04-07T175506.321-300x251.jpg 300w, https:\/\/zjarr.tv\/wp-content\/uploads\/2022\/04\/Untitled-design-2022-04-07T175506.321-768x644.jpg 768w, https:\/\/zjarr.tv\/wp-content\/uploads\/2022\/04\/Untitled-design-2022-04-07T175506.321-696x583.jpg 696w, https:\/\/zjarr.tv\/wp-content\/uploads\/2022\/04\/Untitled-design-2022-04-07T175506.321-501x420.jpg 501w, https:\/\/zjarr.tv\/wp-content\/uploads\/2022\/04\/Untitled-design-2022-04-07T175506.321.jpg 940w\" sizes=\"auto, (max-width: 300px) 100vw, 300px\" \/> <img loading=\"lazy\" decoding=\"async\" class=\"alignnone size-medium wp-image-249619\" src=\"https:\/\/zjarr.tv\/wp-content\/uploads\/2022\/04\/Untitled-design-2022-04-07T175537.368-300x251.jpg\" alt=\"\" width=\"300\" height=\"251\" srcset=\"https:\/\/zjarr.tv\/wp-content\/uploads\/2022\/04\/Untitled-design-2022-04-07T175537.368-300x251.jpg 300w, https:\/\/zjarr.tv\/wp-content\/uploads\/2022\/04\/Untitled-design-2022-04-07T175537.368-768x644.jpg 768w, https:\/\/zjarr.tv\/wp-content\/uploads\/2022\/04\/Untitled-design-2022-04-07T175537.368-696x583.jpg 696w, https:\/\/zjarr.tv\/wp-content\/uploads\/2022\/04\/Untitled-design-2022-04-07T175537.368-501x420.jpg 501w, https:\/\/zjarr.tv\/wp-content\/uploads\/2022\/04\/Untitled-design-2022-04-07T175537.368.jpg 940w\" sizes=\"auto, (max-width: 300px) 100vw, 300px\" \/> <img loading=\"lazy\" decoding=\"async\" class=\"alignnone size-medium wp-image-249620\" src=\"https:\/\/zjarr.tv\/wp-content\/uploads\/2022\/04\/Untitled-design-2022-04-07T175713.389-300x251.jpg\" alt=\"\" width=\"300\" height=\"251\" srcset=\"https:\/\/zjarr.tv\/wp-content\/uploads\/2022\/04\/Untitled-design-2022-04-07T175713.389-300x251.jpg 300w, https:\/\/zjarr.tv\/wp-content\/uploads\/2022\/04\/Untitled-design-2022-04-07T175713.389-768x644.jpg 768w, https:\/\/zjarr.tv\/wp-content\/uploads\/2022\/04\/Untitled-design-2022-04-07T175713.389-696x583.jpg 696w, https:\/\/zjarr.tv\/wp-content\/uploads\/2022\/04\/Untitled-design-2022-04-07T175713.389-501x420.jpg 501w, https:\/\/zjarr.tv\/wp-content\/uploads\/2022\/04\/Untitled-design-2022-04-07T175713.389.jpg 940w\" sizes=\"auto, (max-width: 300px) 100vw, 300px\" \/><\/p>\n","protected":false},"excerpt":{"rendered":"<p>N\u00eb transmetimet live t\u00eb Edi Ram\u00ebs n\u00eb Facebook, v\u00ebrehen komente t\u00eb shumta pozitive. Edhe sot, pasi Rama foli p\u00ebr nj\u00eb \u00e7\u00ebshtje q\u00eb ngjall debat, legalizimin e kanabisit, v\u00ebrshuan komentet pozitive q\u00eb i dalin n\u00eb mbrojtje atij dhe zgjedhjeve t\u00eb b\u00ebra. E v\u00ebrteta \u00ebsht\u00eb se komentet n\u00eb faqen e Edi Ram\u00ebs, b\u00ebhen kryesisht nga profile t\u00eb [&hellip;]<\/p>\n","protected":false},"author":2030,"featured_media":249628,"comment_status":"closed","ping_status":"closed","sticky":false,"template":"","format":"standard","meta":{"footnotes":""},"categories":[241,5380,231],"tags":[],"class_list":{"0":"post-249627","1":"post","2":"type-post","3":"status-publish","4":"format-standard","5":"has-post-thumbnail","7":"category-aktualitet","8":"category-kryesore","9":"category-lajme"},"_links":{"self":[{"href":"https:\/\/zjarr.tv\/sq\/wp-json\/wp\/v2\/posts\/249627","targetHints":{"allow":["GET"]}}],"collection":[{"href":"https:\/\/zjarr.tv\/sq\/wp-json\/wp\/v2\/posts"}],"about":[{"href":"https:\/\/zjarr.tv\/sq\/wp-json\/wp\/v2\/types\/post"}],"author":[{"embeddable":true,"href":"https:\/\/zjarr.tv\/sq\/wp-json\/wp\/v2\/users\/2030"}],"replies":[{"embeddable":true,"href":"https:\/\/zjarr.tv\/sq\/wp-json\/wp\/v2\/comments?post=249627"}],"version-history":[{"count":0,"href":"https:\/\/zjarr.tv\/sq\/wp-json\/wp\/v2\/posts\/249627\/revisions"}],"wp:featuredmedia":[{"embeddable":true,"href":"https:\/\/zjarr.tv\/sq\/wp-json\/wp\/v2\/media\/249628"}],"wp:attachment":[{"href":"https:\/\/zjarr.tv\/sq\/wp-json\/wp\/v2\/media?parent=249627"}],"wp:term":[{"taxonomy":"category","embeddable":true,"href":"https:\/\/zjarr.tv\/sq\/wp-json\/wp\/v2\/categories?post=249627"},{"taxonomy":"post_tag","embeddable":true,"href":"https:\/\/zjarr.tv\/sq\/wp-json\/wp\/v2\/tags?post=249627"}],"curies":[{"name":"wp","href":"https:\/\/api.w.org\/{rel}","templated":true}]}}