{"id":249635,"date":"2022-04-07T18:20:34","date_gmt":"2022-04-07T16:20:34","guid":{"rendered":"https:\/\/zjarr.tv\/?p=249635"},"modified":"2022-04-07T18:20:34","modified_gmt":"2022-04-07T16:20:34","slug":"xhacka-ne-takimin-e-ministrave-te-jashtem-te-nato-s-diskutuam-mbi-menyrat-si-mund-te-mbeshtesim-ukrainen","status":"publish","type":"post","link":"https:\/\/zjarr.tv\/sq\/xhacka-ne-takimin-e-ministrave-te-jashtem-te-nato-s-diskutuam-mbi-menyrat-si-mund-te-mbeshtesim-ukrainen\/","title":{"rendered":"Xha\u00e7ka n\u00eb takimin e ministrave t\u00eb Jasht\u00ebm t\u00eb NATO-s: Diskutuam mbi m\u00ebnyrat si mund t\u00eb mb\u00ebshtesim Ukrain\u00ebn"},"content":{"rendered":"<p>Ministrja e Jashtme, Olta Xha\u00e7ka n\u00eb takimin e ministrave t\u00eb Jasht\u00ebm t\u00eb NATO-s:<\/p>\n<p>Dy dit\u00eb diskutimi intensiv n\u00eb takimin e ministrave t\u00eb Jasht\u00ebm t\u00eb NATO-s, mbi m\u00ebnyr\u00ebn se si Aleat\u00ebt mund t\u00eb mb\u00ebshtesin m\u00eb tej Ukrain\u00ebn n\u00eb vet\u00ebmbrojtjen e saj heroike dhe se si NATO miraton situat\u00ebn e ndryshuar t\u00eb siguris\u00eb p\u00ebrmes konceptit t\u00eb saj t\u00eb ri strategjik.<\/p>\n<p><img loading=\"lazy\" decoding=\"async\" class=\"alignnone size-medium wp-image-249636\" src=\"https:\/\/zjarr.tv\/wp-content\/uploads\/2022\/04\/Untitled-design-2022-04-07T181905.729-300x251.jpg\" alt=\"\" width=\"300\" height=\"251\" srcset=\"https:\/\/zjarr.tv\/wp-content\/uploads\/2022\/04\/Untitled-design-2022-04-07T181905.729-300x251.jpg 300w, https:\/\/zjarr.tv\/wp-content\/uploads\/2022\/04\/Untitled-design-2022-04-07T181905.729-768x644.jpg 768w, https:\/\/zjarr.tv\/wp-content\/uploads\/2022\/04\/Untitled-design-2022-04-07T181905.729-696x583.jpg 696w, https:\/\/zjarr.tv\/wp-content\/uploads\/2022\/04\/Untitled-design-2022-04-07T181905.729-501x420.jpg 501w, https:\/\/zjarr.tv\/wp-content\/uploads\/2022\/04\/Untitled-design-2022-04-07T181905.729.jpg 940w\" sizes=\"auto, (max-width: 300px) 100vw, 300px\" \/><\/p>\n","protected":false},"excerpt":{"rendered":"<p>Ministrja e Jashtme, Olta Xha\u00e7ka n\u00eb takimin e ministrave t\u00eb Jasht\u00ebm t\u00eb NATO-s: Dy dit\u00eb diskutimi intensiv n\u00eb takimin e ministrave t\u00eb Jasht\u00ebm t\u00eb NATO-s, mbi m\u00ebnyr\u00ebn se si Aleat\u00ebt mund t\u00eb mb\u00ebshtesin m\u00eb tej Ukrain\u00ebn n\u00eb vet\u00ebmbrojtjen e saj heroike dhe se si NATO miraton situat\u00ebn e ndryshuar t\u00eb siguris\u00eb p\u00ebrmes konceptit t\u00eb saj [&hellip;]<\/p>\n","protected":false},"author":2030,"featured_media":249637,"comment_status":"closed","ping_status":"closed","sticky":false,"template":"","format":"standard","meta":{"footnotes":""},"categories":[241,5380,231],"tags":[],"class_list":{"0":"post-249635","1":"post","2":"type-post","3":"status-publish","4":"format-standard","5":"has-post-thumbnail","7":"category-aktualitet","8":"category-kryesore","9":"category-lajme"},"_links":{"self":[{"href":"https:\/\/zjarr.tv\/sq\/wp-json\/wp\/v2\/posts\/249635","targetHints":{"allow":["GET"]}}],"collection":[{"href":"https:\/\/zjarr.tv\/sq\/wp-json\/wp\/v2\/posts"}],"about":[{"href":"https:\/\/zjarr.tv\/sq\/wp-json\/wp\/v2\/types\/post"}],"author":[{"embeddable":true,"href":"https:\/\/zjarr.tv\/sq\/wp-json\/wp\/v2\/users\/2030"}],"replies":[{"embeddable":true,"href":"https:\/\/zjarr.tv\/sq\/wp-json\/wp\/v2\/comments?post=249635"}],"version-history":[{"count":0,"href":"https:\/\/zjarr.tv\/sq\/wp-json\/wp\/v2\/posts\/249635\/revisions"}],"wp:featuredmedia":[{"embeddable":true,"href":"https:\/\/zjarr.tv\/sq\/wp-json\/wp\/v2\/media\/249637"}],"wp:attachment":[{"href":"https:\/\/zjarr.tv\/sq\/wp-json\/wp\/v2\/media?parent=249635"}],"wp:term":[{"taxonomy":"category","embeddable":true,"href":"https:\/\/zjarr.tv\/sq\/wp-json\/wp\/v2\/categories?post=249635"},{"taxonomy":"post_tag","embeddable":true,"href":"https:\/\/zjarr.tv\/sq\/wp-json\/wp\/v2\/tags?post=249635"}],"curies":[{"name":"wp","href":"https:\/\/api.w.org\/{rel}","templated":true}]}}