{"id":249640,"date":"2022-04-07T18:23:00","date_gmt":"2022-04-07T16:23:00","guid":{"rendered":"https:\/\/zjarr.tv\/?p=249640"},"modified":"2022-04-07T18:23:00","modified_gmt":"2022-04-07T16:23:00","slug":"pezullimi-i-rusise-nga-keshilli-i-te-drejtave-te-njeriut-reagon-rama-rreshtimi-i-serbise-me-perendimin-lajm-i-mire","status":"publish","type":"post","link":"https:\/\/zjarr.tv\/sq\/pezullimi-i-rusise-nga-keshilli-i-te-drejtave-te-njeriut-reagon-rama-rreshtimi-i-serbise-me-perendimin-lajm-i-mire\/","title":{"rendered":"Pezullimi i Rusis\u00eb nga K\u00ebshilli i t\u00eb Drejtave t\u00eb Njeriut, reagon Rama: Rreshtimi i Serbis\u00eb me per\u00ebndimin, lajm i mir\u00eb!"},"content":{"rendered":"<p>Kryeministri, Edi Rama ka reaguar pas pezullimit t\u00eb Rusis\u00eb n\u00eb K\u00ebshillin e t\u00eb Drejtave t\u00eb Njeriut. Vendimi u mor n\u00eb mbledhjen e OKB, ku u votua me 93 vota pro, 24 kund\u00ebr dhe 53 abstenim.<\/p>\n<p>Rama theksoi faktin q\u00eb mes vendeve q\u00eb votuan pro pezullimit t\u00eb Rusis\u00eb, ishte edhe Serbia duke th\u00ebn\u00eb se ky ishte nj\u00eb lajm i mir\u00eb p\u00ebr rajonin e Ballkanit.<\/p>\n<p>Postimi i Plot\u00eb nga kryeministri, Edi Rama:<\/p>\n<p>Pezullimi i Rusis\u00eb nga K\u00ebshilli i Sigurimit nj\u00eb refuzim i fort\u00eb p\u00ebr t\u00eb pranuar shkeljen brutale t\u00eb \u00e7do lirie e t\u00eb drejte dhe krimet mizore t\u00eb luft\u00ebs n\u00eb Ukrain\u00eb. Rreshtimi i Serbis\u00eb p\u00ebrs\u00ebri me Per\u00ebndimin n\u00eb k\u00ebt\u00eb p\u00ebrshkall\u00ebzim t\u00eb ri kund\u00ebr agresionit rus, lajm i mir\u00eb p\u00ebr rajonin!<\/p>\n","protected":false},"excerpt":{"rendered":"<p>Kryeministri, Edi Rama ka reaguar pas pezullimit t\u00eb Rusis\u00eb n\u00eb K\u00ebshillin e t\u00eb Drejtave t\u00eb Njeriut. Vendimi u mor n\u00eb mbledhjen e OKB, ku u votua me 93 vota pro, 24 kund\u00ebr dhe 53 abstenim. Rama theksoi faktin q\u00eb mes vendeve q\u00eb votuan pro pezullimit t\u00eb Rusis\u00eb, ishte edhe Serbia duke th\u00ebn\u00eb se ky ishte [&hellip;]<\/p>\n","protected":false},"author":2030,"featured_media":249641,"comment_status":"closed","ping_status":"closed","sticky":false,"template":"","format":"standard","meta":{"footnotes":""},"categories":[241,3366,231,1454],"tags":[],"class_list":{"0":"post-249640","1":"post","2":"type-post","3":"status-publish","4":"format-standard","5":"has-post-thumbnail","7":"category-aktualitet","8":"category-koment","9":"category-lajme","10":"category-politike"},"_links":{"self":[{"href":"https:\/\/zjarr.tv\/sq\/wp-json\/wp\/v2\/posts\/249640","targetHints":{"allow":["GET"]}}],"collection":[{"href":"https:\/\/zjarr.tv\/sq\/wp-json\/wp\/v2\/posts"}],"about":[{"href":"https:\/\/zjarr.tv\/sq\/wp-json\/wp\/v2\/types\/post"}],"author":[{"embeddable":true,"href":"https:\/\/zjarr.tv\/sq\/wp-json\/wp\/v2\/users\/2030"}],"replies":[{"embeddable":true,"href":"https:\/\/zjarr.tv\/sq\/wp-json\/wp\/v2\/comments?post=249640"}],"version-history":[{"count":0,"href":"https:\/\/zjarr.tv\/sq\/wp-json\/wp\/v2\/posts\/249640\/revisions"}],"wp:featuredmedia":[{"embeddable":true,"href":"https:\/\/zjarr.tv\/sq\/wp-json\/wp\/v2\/media\/249641"}],"wp:attachment":[{"href":"https:\/\/zjarr.tv\/sq\/wp-json\/wp\/v2\/media?parent=249640"}],"wp:term":[{"taxonomy":"category","embeddable":true,"href":"https:\/\/zjarr.tv\/sq\/wp-json\/wp\/v2\/categories?post=249640"},{"taxonomy":"post_tag","embeddable":true,"href":"https:\/\/zjarr.tv\/sq\/wp-json\/wp\/v2\/tags?post=249640"}],"curies":[{"name":"wp","href":"https:\/\/api.w.org\/{rel}","templated":true}]}}