{"id":249648,"date":"2022-04-07T19:02:17","date_gmt":"2022-04-07T17:02:17","guid":{"rendered":"https:\/\/zjarr.tv\/?p=249648"},"modified":"2022-04-07T19:02:17","modified_gmt":"2022-04-07T17:02:17","slug":"e-zbulon-analisti-kjo-eshte-arsyeja-e-sherrit-te-edi-rames-me-koco-kokedhimen","status":"publish","type":"post","link":"https:\/\/zjarr.tv\/sq\/e-zbulon-analisti-kjo-eshte-arsyeja-e-sherrit-te-edi-rames-me-koco-kokedhimen\/","title":{"rendered":"E zbulon analisti: Kjo \u00ebsht\u00eb arsyeja e \u201csherrit\u201d t\u00eb Edi Ram\u00ebs me Ko\u00e7o Kok\u00ebdhim\u00ebn"},"content":{"rendered":"<p>Analisti Genc Burimi ka treguar se \u00e7\u00ebshtja e legalizimit t\u00eb kanabisti ka qen\u00eb arsyeja e largimit t\u00eb Ko\u00e7o Kok\u00ebdhim\u00ebs nga Partia Socialiste. Sipas tij, Kok\u00ebdhima e mbronte legalizimin e kanabisit p\u00ebr p\u00ebrdorim mjek\u00ebsor, por Rama e kund\u00ebrshtonte.<\/p>\n<p>\u201cBashk\u00eb me Ko\u00e7o Kok\u00ebdhim\u00ebn ne e mbronim legalizimin e kanabisit n\u00ebp\u00ebr artikuj. Ky \u00ebsht\u00eb turp ai q\u00eb b\u00ebn Edi Rama sot sepse p\u00ebr k\u00ebt\u00eb arsye p\u00ebrzuri Koco Kok\u00ebdhim\u00ebn nga partia. Na merrte p\u00ebr idiot\u00eb, p\u00ebr kafsh\u00eb, p\u00ebr injorant\u00eb, p\u00ebr antipatriot\u00eb\u201d, u shpreh analisti n\u00eb Top Talk.<\/p>\n<p>P\u00ebrsa i p\u00ebrket vendimit t\u00eb sot\u00ebm t\u00eb Ram\u00ebs, ku kryeministri njoftoi se Shqip\u00ebria do ta lejoj\u00eb kultivimin e kanabisit p\u00ebr t\u00eb hapur m\u00eb shum\u00eb vende pune, Burimi u shpreh se Rama \u201cl\u00ebpiu at\u00eb q\u00eb p\u00ebshtyu\u201d.<\/p>\n<p>\u201cIshin dy pika ku un\u00eb edhe Ko\u00e7o kemi qen\u00eb t\u00eb dy n\u00eb nj\u00eb diapazon totalisht t\u00eb plot\u00eb \u00e7\u00ebshtja e legalizimit t\u00eb kanabisit p\u00ebr arsye farmaceutike sepse ke je treg t\u00eb madh n\u00eb Europ\u00eb, e\u00a0 dyta ishim bashk\u00eb me Ko\u00e7on kemi qen\u00eb kund\u00ebr reform\u00ebs n\u00eb drejt\u00ebsi t\u00eb imponuar n\u00eb kushtetut\u00eb. P\u00ebr k\u00ebto dy arsyet Rama d\u00ebshtoi\u201d, tha Burimi.<\/p>\n","protected":false},"excerpt":{"rendered":"<p>Analisti Genc Burimi ka treguar se \u00e7\u00ebshtja e legalizimit t\u00eb kanabisti ka qen\u00eb arsyeja e largimit t\u00eb Ko\u00e7o Kok\u00ebdhim\u00ebs nga Partia Socialiste. Sipas tij, Kok\u00ebdhima e mbronte legalizimin e kanabisit p\u00ebr p\u00ebrdorim mjek\u00ebsor, por Rama e kund\u00ebrshtonte. \u201cBashk\u00eb me Ko\u00e7o Kok\u00ebdhim\u00ebn ne e mbronim legalizimin e kanabisit n\u00ebp\u00ebr artikuj. Ky \u00ebsht\u00eb turp ai q\u00eb b\u00ebn [&hellip;]<\/p>\n","protected":false},"author":2030,"featured_media":249649,"comment_status":"closed","ping_status":"closed","sticky":false,"template":"","format":"standard","meta":{"footnotes":""},"categories":[241,3366,5380],"tags":[],"class_list":{"0":"post-249648","1":"post","2":"type-post","3":"status-publish","4":"format-standard","5":"has-post-thumbnail","7":"category-aktualitet","8":"category-koment","9":"category-kryesore"},"_links":{"self":[{"href":"https:\/\/zjarr.tv\/sq\/wp-json\/wp\/v2\/posts\/249648","targetHints":{"allow":["GET"]}}],"collection":[{"href":"https:\/\/zjarr.tv\/sq\/wp-json\/wp\/v2\/posts"}],"about":[{"href":"https:\/\/zjarr.tv\/sq\/wp-json\/wp\/v2\/types\/post"}],"author":[{"embeddable":true,"href":"https:\/\/zjarr.tv\/sq\/wp-json\/wp\/v2\/users\/2030"}],"replies":[{"embeddable":true,"href":"https:\/\/zjarr.tv\/sq\/wp-json\/wp\/v2\/comments?post=249648"}],"version-history":[{"count":0,"href":"https:\/\/zjarr.tv\/sq\/wp-json\/wp\/v2\/posts\/249648\/revisions"}],"wp:featuredmedia":[{"embeddable":true,"href":"https:\/\/zjarr.tv\/sq\/wp-json\/wp\/v2\/media\/249649"}],"wp:attachment":[{"href":"https:\/\/zjarr.tv\/sq\/wp-json\/wp\/v2\/media?parent=249648"}],"wp:term":[{"taxonomy":"category","embeddable":true,"href":"https:\/\/zjarr.tv\/sq\/wp-json\/wp\/v2\/categories?post=249648"},{"taxonomy":"post_tag","embeddable":true,"href":"https:\/\/zjarr.tv\/sq\/wp-json\/wp\/v2\/tags?post=249648"}],"curies":[{"name":"wp","href":"https:\/\/api.w.org\/{rel}","templated":true}]}}