{"id":249685,"date":"2022-04-08T07:04:54","date_gmt":"2022-04-08T05:04:54","guid":{"rendered":"https:\/\/zjarr.tv\/?p=249685"},"modified":"2022-04-08T07:04:54","modified_gmt":"2022-04-08T05:04:54","slug":"armand-shkullaku-yuri-kim-me-nderhyrje-flagrante-nje-ambasador-ska-te-drejte-te-kercenoje-dhe-shantazhoje","status":"publish","type":"post","link":"https:\/\/zjarr.tv\/sq\/armand-shkullaku-yuri-kim-me-nderhyrje-flagrante-nje-ambasador-ska-te-drejte-te-kercenoje-dhe-shantazhoje\/","title":{"rendered":"Armand Shkullaku: Yuri Kim me nd\u00ebrhyrje flagrante. Nj\u00eb ambasador s\u2019ka t\u00eb drejt\u00eb t\u00eb k\u00ebrc\u00ebnoj\u00eb dhe shantazhoj\u00eb"},"content":{"rendered":"<p>Analisti Armand Shkullaku, ka folur p\u00ebr takimin q\u00eb Yuri Kim zhvilloi me Enkelejd Alibeajn, duke e etiketuar at\u00eb si kryetarin n\u00eb detyr\u00eb t\u00eb PD.<\/p>\n<p>I ftuar n\u00eb emisionin \u201cT\u00eb Paekspozuarit\u201d n\u00eb MCN TV, Shkullaku tha se ambasadorja p\u00ebrfaq\u00ebson politik\u00ebn zyrtare t\u00eb DASH, q\u00eb e ka shpallur Berish\u00ebn non-grata, por \u201cajo nuk ka t\u00eb drejt\u00eb t\u00eb shantazhoj\u00eb dhe k\u00ebrc\u00ebnoj\u00eb\u201d nj\u00eb parti politike.<\/p>\n<p>\u201cNd\u00ebrhyrja qe flagrante. Edhe n\u00eb raste t\u00eb tjera, si deklarata e t\u00eb ngr\u00ebnit bar. Ambasadorja p\u00ebrfaq\u00ebson politik\u00ebn zyrtare t\u00eb Biden. .<\/p>\n<p>Ata e kan\u00eb shpallur ish kryeministrin non-grata. \u00cbsht\u00eb vendim i tyre, nuk na takon ta gjykojm\u00eb. Mund ta komentojm\u00eb dhe t\u00eb themi \u00ebsht\u00eb i padrejt\u00eb.<\/p>\n<p>Por, sa i takon m\u00ebnyr\u00ebs si kjo p\u00ebrcillet n\u00eb vende si Shqip\u00ebria, q\u00eb duket sikur \u00ebsht\u00eb koloni q\u00eb nj\u00eb ambasadori i lejohet t\u00eb b\u00ebj\u00eb gjith\u00e7ka.<\/p>\n<p>Nj\u00eb ambasador nuk ka t\u00eb drejt\u00eb t\u00eb shantazhoj\u00eb dhe k\u00ebrc\u00ebnoj\u00eb nj\u00eb forc\u00eb politike dhe as t\u00eb b\u00ebhet pal\u00eb n\u00eb nj\u00eb konflikt, p\u00ebr m\u00eb tep\u00ebr t\u00eb nd\u00ebrhyj\u00eb n\u00eb nj\u00eb moment q\u00eb \u00e7\u00ebshtja p\u00ebr lidershipin e PD ka marr\u00eb udh\u00eb dhe gjykata ka marr\u00eb nj\u00eb vendim.<\/p>\n<p>Mund ta pyesnim ambasadoren, kush e ka caktuar kryetar t\u00eb komanduar Alibeajn? Cili forum? Cili organ?\u201d, tha nd\u00ebr t\u00eb tjera Shkullaku.<\/p>\n","protected":false},"excerpt":{"rendered":"<p>Analisti Armand Shkullaku, ka folur p\u00ebr takimin q\u00eb Yuri Kim zhvilloi me Enkelejd Alibeajn, duke e etiketuar at\u00eb si kryetarin n\u00eb detyr\u00eb t\u00eb PD. I ftuar n\u00eb emisionin \u201cT\u00eb Paekspozuarit\u201d n\u00eb MCN TV, Shkullaku tha se ambasadorja p\u00ebrfaq\u00ebson politik\u00ebn zyrtare t\u00eb DASH, q\u00eb e ka shpallur Berish\u00ebn non-grata, por \u201cajo nuk ka t\u00eb drejt\u00eb t\u00eb [&hellip;]<\/p>\n","protected":false},"author":2031,"featured_media":177205,"comment_status":"closed","ping_status":"closed","sticky":false,"template":"","format":"standard","meta":{"footnotes":""},"categories":[241,231,235],"tags":[],"class_list":{"0":"post-249685","1":"post","2":"type-post","3":"status-publish","4":"format-standard","5":"has-post-thumbnail","7":"category-aktualitet","8":"category-lajme","9":"category-vendi"},"_links":{"self":[{"href":"https:\/\/zjarr.tv\/sq\/wp-json\/wp\/v2\/posts\/249685","targetHints":{"allow":["GET"]}}],"collection":[{"href":"https:\/\/zjarr.tv\/sq\/wp-json\/wp\/v2\/posts"}],"about":[{"href":"https:\/\/zjarr.tv\/sq\/wp-json\/wp\/v2\/types\/post"}],"author":[{"embeddable":true,"href":"https:\/\/zjarr.tv\/sq\/wp-json\/wp\/v2\/users\/2031"}],"replies":[{"embeddable":true,"href":"https:\/\/zjarr.tv\/sq\/wp-json\/wp\/v2\/comments?post=249685"}],"version-history":[{"count":0,"href":"https:\/\/zjarr.tv\/sq\/wp-json\/wp\/v2\/posts\/249685\/revisions"}],"wp:featuredmedia":[{"embeddable":true,"href":"https:\/\/zjarr.tv\/sq\/wp-json\/wp\/v2\/media\/177205"}],"wp:attachment":[{"href":"https:\/\/zjarr.tv\/sq\/wp-json\/wp\/v2\/media?parent=249685"}],"wp:term":[{"taxonomy":"category","embeddable":true,"href":"https:\/\/zjarr.tv\/sq\/wp-json\/wp\/v2\/categories?post=249685"},{"taxonomy":"post_tag","embeddable":true,"href":"https:\/\/zjarr.tv\/sq\/wp-json\/wp\/v2\/tags?post=249685"}],"curies":[{"name":"wp","href":"https:\/\/api.w.org\/{rel}","templated":true}]}}