{"id":249824,"date":"2022-04-08T14:48:20","date_gmt":"2022-04-08T12:48:20","guid":{"rendered":"https:\/\/zjarr.tv\/?p=249824"},"modified":"2022-04-08T14:48:20","modified_gmt":"2022-04-08T12:48:20","slug":"konfirmohet-vatra-e-dyte-e-gripit-te-shpendeve-ne-shkoder-ngordhin-me-dhjetera-pula","status":"publish","type":"post","link":"https:\/\/zjarr.tv\/sq\/konfirmohet-vatra-e-dyte-e-gripit-te-shpendeve-ne-shkoder-ngordhin-me-dhjetera-pula\/","title":{"rendered":"Konfirmohet vatra e dyt\u00eb e gripit t\u00eb shpend\u00ebve n\u00eb Shkod\u00ebr, ngordhin me dhjet\u00ebra pula"},"content":{"rendered":"<p>Konfirmohet vatra e dyt\u00eb e gripit t\u00eb shpend\u00ebve n\u00eb Shkod\u00ebr. M\u00ebsohet se kan\u00eb ngordhur rreth 60 pula t\u00eb tjera teksa po punohet p\u00ebr groposjen e tyre.<\/p>\n<p>Vatra e dyt\u00eb \u00ebsht\u00eb konfirmuar n\u00eb nj\u00eb ferm\u00eb private n\u00eb fshatin Suka Daj\u00e7, t\u00eb bashkis\u00eb Shkod\u00ebr.<\/p>\n<p>Kjo \u00ebsht\u00eb vatra e dyt\u00eb e gripit t\u00eb shpend\u00ebve n\u00eb k\u00ebt\u00eb qark, pas asaj t\u00eb zbuluar dit\u00eb m\u00eb par\u00eb, ku kishin ngordhur 60 krer\u00eb me pula dhe ishte b\u00ebr\u00eb groposja e tyre.<\/p>\n","protected":false},"excerpt":{"rendered":"<p>Konfirmohet vatra e dyt\u00eb e gripit t\u00eb shpend\u00ebve n\u00eb Shkod\u00ebr. M\u00ebsohet se kan\u00eb ngordhur rreth 60 pula t\u00eb tjera teksa po punohet p\u00ebr groposjen e tyre. Vatra e dyt\u00eb \u00ebsht\u00eb konfirmuar n\u00eb nj\u00eb ferm\u00eb private n\u00eb fshatin Suka Daj\u00e7, t\u00eb bashkis\u00eb Shkod\u00ebr. Kjo \u00ebsht\u00eb vatra e dyt\u00eb e gripit t\u00eb shpend\u00ebve n\u00eb k\u00ebt\u00eb qark, pas [&hellip;]<\/p>\n","protected":false},"author":2020,"featured_media":249825,"comment_status":"closed","ping_status":"closed","sticky":false,"template":"","format":"standard","meta":{"footnotes":""},"categories":[241,5380,231],"tags":[],"class_list":{"0":"post-249824","1":"post","2":"type-post","3":"status-publish","4":"format-standard","5":"has-post-thumbnail","7":"category-aktualitet","8":"category-kryesore","9":"category-lajme"},"_links":{"self":[{"href":"https:\/\/zjarr.tv\/sq\/wp-json\/wp\/v2\/posts\/249824","targetHints":{"allow":["GET"]}}],"collection":[{"href":"https:\/\/zjarr.tv\/sq\/wp-json\/wp\/v2\/posts"}],"about":[{"href":"https:\/\/zjarr.tv\/sq\/wp-json\/wp\/v2\/types\/post"}],"author":[{"embeddable":true,"href":"https:\/\/zjarr.tv\/sq\/wp-json\/wp\/v2\/users\/2020"}],"replies":[{"embeddable":true,"href":"https:\/\/zjarr.tv\/sq\/wp-json\/wp\/v2\/comments?post=249824"}],"version-history":[{"count":0,"href":"https:\/\/zjarr.tv\/sq\/wp-json\/wp\/v2\/posts\/249824\/revisions"}],"wp:featuredmedia":[{"embeddable":true,"href":"https:\/\/zjarr.tv\/sq\/wp-json\/wp\/v2\/media\/249825"}],"wp:attachment":[{"href":"https:\/\/zjarr.tv\/sq\/wp-json\/wp\/v2\/media?parent=249824"}],"wp:term":[{"taxonomy":"category","embeddable":true,"href":"https:\/\/zjarr.tv\/sq\/wp-json\/wp\/v2\/categories?post=249824"},{"taxonomy":"post_tag","embeddable":true,"href":"https:\/\/zjarr.tv\/sq\/wp-json\/wp\/v2\/tags?post=249824"}],"curies":[{"name":"wp","href":"https:\/\/api.w.org\/{rel}","templated":true}]}}