{"id":249827,"date":"2022-04-08T14:52:39","date_gmt":"2022-04-08T12:52:39","guid":{"rendered":"https:\/\/zjarr.tv\/?p=249827"},"modified":"2022-04-08T14:52:39","modified_gmt":"2022-04-08T12:52:39","slug":"prokurorja-e-tiranes-kalon-vettingun-elfrida-bregova-konfirmohet-ne-detyre","status":"publish","type":"post","link":"https:\/\/zjarr.tv\/sq\/prokurorja-e-tiranes-kalon-vettingun-elfrida-bregova-konfirmohet-ne-detyre\/","title":{"rendered":"Prokurorja e Tiran\u00ebs kalon vettingun, Elfrida Bregova konfirmohet n\u00eb detyr\u00eb"},"content":{"rendered":"<p>Komisioni i Pavarur i Kualifikimit shpalli t\u00eb premten, m\u00eb 8 prill, vendimin e konfirmimit n\u00eb detyr\u00eb t\u00eb prokurores s\u00eb Tiran\u00ebs, Elfrida Bregova. Gjat\u00eb seanc\u00ebs d\u00ebgjimore t\u00eb zhvilluar t\u00eb m\u00ebrkur\u00ebn m\u00eb 6 prill, Bregova u p\u00ebrball me pik\u00ebpyetje mbi mund\u00ebsit\u00eb financiare t\u00eb saj dhe t\u00eb bashk\u00ebshortit po ashtu prokuror, Saimir Bahiti, n\u00eb blerjen e nj\u00eb apartamenti 104 m2 n\u00eb Tiran\u00eb.<\/p>\n<p>KPK vuri n\u00eb dukje se nga analiza financiare paraprake Bregova rezultonte me fonde t\u00eb pamjaftueshme dhe nj\u00eb bilanc negativ n\u00eb total prej 2.9 milion\u00eb lek\u00ebsh, q\u00eb si\u00e7 u tha n\u00eb seanc\u00eb, vinin nga mosnjohja si burim i ligjsh\u00ebm i nj\u00eb huaje 1.2 milion\u00eb lek\u00eb, mosnjohja e shpenzimit t\u00eb nj\u00eb dhurate 10 mij\u00eb euro dhe nj\u00eb transfert\u00eb e dyshimt\u00eb b\u00ebr\u00eb n\u00eb em\u00ebr t\u00eb bashk\u00ebshortit prej 21 mij\u00eb eurosh.<\/p>\n<p>Bregova e mohoi transfert\u00ebn duke k\u00ebmb\u00ebngulur se ishte falsifikuar dhe solli si prov\u00eb n\u00eb seanc\u00eb dokumente q\u00eb sipas saj v\u00ebrtetonin se dit\u00ebn e transferimit t\u00eb fondeve n\u00eb nj\u00eb bank\u00eb n\u00eb Tiran\u00eb, bashk\u00ebshorti ishte ndodhur n\u00eb gjykat\u00ebn e Shkodr\u00ebs.<\/p>\n<p>Ajo e cil\u00ebsoi pasakt\u00ebsi mosdeklarimin e shpenzimit t\u00eb shum\u00eb 10 mij\u00eb euro, nd\u00ebrsa k\u00ebmb\u00ebnguli se huadh\u00ebn\u00ebsi i shum\u00ebs 1.2 milion\u00eb lek\u00eb kishte pasur t\u00eb ardhura dhe huaja duhej t\u00eb njihej e ligjshme. Prokurorja Bregova e cila u vler\u00ebsua pozitivisht p\u00ebr profesionalizmin dhe figur\u00ebn, k\u00ebrkoi konfirmimin e saj n\u00eb detyr\u00eb.<\/p>\n<p>Trupa e KPK q\u00eb kreu rivler\u00ebsimin e Bregov\u00ebs kryesohet nga Alma Faskaj, me relatore Genta Tafa Bungo dhe an\u00ebtar Lulzim Hamitajn. Prokurorja Elfrida Bregova p\u00ebrfundoi studimet n\u00eb Shkoll\u00ebn e Magjistratur\u00ebs n\u00eb vitin 2006 dhe u em\u00ebrua fillimisht prokurore pran\u00eb Prokuroris\u00eb s\u00eb Kavaj\u00ebs. Prej vitit 2010, ajo e ushtron funksionin n\u00eb Prokurorin\u00eb e Rrethit Gjyq\u00ebsor Tiran\u00eb. \/Birn<\/p>\n","protected":false},"excerpt":{"rendered":"<p>Komisioni i Pavarur i Kualifikimit shpalli t\u00eb premten, m\u00eb 8 prill, vendimin e konfirmimit n\u00eb detyr\u00eb t\u00eb prokurores s\u00eb Tiran\u00ebs, Elfrida Bregova. Gjat\u00eb seanc\u00ebs d\u00ebgjimore t\u00eb zhvilluar t\u00eb m\u00ebrkur\u00ebn m\u00eb 6 prill, Bregova u p\u00ebrball me pik\u00ebpyetje mbi mund\u00ebsit\u00eb financiare t\u00eb saj dhe t\u00eb bashk\u00ebshortit po ashtu prokuror, Saimir Bahiti, n\u00eb blerjen e nj\u00eb apartamenti [&hellip;]<\/p>\n","protected":false},"author":2020,"featured_media":249828,"comment_status":"closed","ping_status":"closed","sticky":false,"template":"","format":"standard","meta":{"footnotes":""},"categories":[241,5380,231],"tags":[],"class_list":{"0":"post-249827","1":"post","2":"type-post","3":"status-publish","4":"format-standard","5":"has-post-thumbnail","7":"category-aktualitet","8":"category-kryesore","9":"category-lajme"},"_links":{"self":[{"href":"https:\/\/zjarr.tv\/sq\/wp-json\/wp\/v2\/posts\/249827","targetHints":{"allow":["GET"]}}],"collection":[{"href":"https:\/\/zjarr.tv\/sq\/wp-json\/wp\/v2\/posts"}],"about":[{"href":"https:\/\/zjarr.tv\/sq\/wp-json\/wp\/v2\/types\/post"}],"author":[{"embeddable":true,"href":"https:\/\/zjarr.tv\/sq\/wp-json\/wp\/v2\/users\/2020"}],"replies":[{"embeddable":true,"href":"https:\/\/zjarr.tv\/sq\/wp-json\/wp\/v2\/comments?post=249827"}],"version-history":[{"count":0,"href":"https:\/\/zjarr.tv\/sq\/wp-json\/wp\/v2\/posts\/249827\/revisions"}],"wp:featuredmedia":[{"embeddable":true,"href":"https:\/\/zjarr.tv\/sq\/wp-json\/wp\/v2\/media\/249828"}],"wp:attachment":[{"href":"https:\/\/zjarr.tv\/sq\/wp-json\/wp\/v2\/media?parent=249827"}],"wp:term":[{"taxonomy":"category","embeddable":true,"href":"https:\/\/zjarr.tv\/sq\/wp-json\/wp\/v2\/categories?post=249827"},{"taxonomy":"post_tag","embeddable":true,"href":"https:\/\/zjarr.tv\/sq\/wp-json\/wp\/v2\/tags?post=249827"}],"curies":[{"name":"wp","href":"https:\/\/api.w.org\/{rel}","templated":true}]}}