{"id":249965,"date":"2022-04-09T13:44:59","date_gmt":"2022-04-09T11:44:59","guid":{"rendered":"https:\/\/zjarr.tv\/?p=249965"},"modified":"2022-04-09T13:44:59","modified_gmt":"2022-04-09T11:44:59","slug":"deklarata-e-forte-e-spartak-ngjeles-dy-crregullimet-e-renda-te-sali-berishes","status":"publish","type":"post","link":"https:\/\/zjarr.tv\/sq\/deklarata-e-forte-e-spartak-ngjeles-dy-crregullimet-e-renda-te-sali-berishes\/","title":{"rendered":"Deklarata e fort\u00eb e Spartak Ngjel\u00ebs: Dy \u00e7rregullimet e r\u00ebnda t\u00eb Sali Berish\u00ebs"},"content":{"rendered":"<p>Avokati Spartak Ngjela ka b\u00ebr\u00eb nj\u00eb reagim \u00ebsht\u00eb shprehur se Sali Berisha ka probleme psikike t\u00eb pariparueshme.<\/p>\n<p>Postimi i plot\u00eb:<\/p>\n<p>\u201cSali Berisha dallon q\u00eb ka probleme psikike t\u00eb pariparueshme, t\u00eb cilat e kan\u00eb \u00e7uar drejt tendenc\u00ebs p\u00ebr shkat\u00ebrrim, q\u00eb t\u00eb marr\u00eb forc\u00eb.<\/p>\n<p>Nj\u00eb i till\u00eb ka qen\u00eb edhe Enver Hoxha.<\/p>\n<p>l.Jan\u00eb dy delire bashk\u00ebshoq\u00ebrues q\u00eb spikatin n\u00eb psikik\u00ebn e Sali Berish\u00ebs. \u00cbsht\u00eb:<\/p>\n<p>Deliri i persekutimit ose i p\u00ebrndjekjes;<\/p>\n<p>dhe:<\/p>\n<p>Deliri i madh\u00ebshtis\u00eb.<\/p>\n<p>K\u00ebta delire japin \u00e7rregullime t\u00eb r\u00ebnda psikike q\u00eb njihen mir\u00eb nga psikiatria moderne dhe q\u00eb, si rregull, lidhen me s\u00ebmundjen psikike q\u00eb quhet skizofreni.<\/p>\n<p>T\u00eb dy k\u00ebta delire bashk\u00ebshoq\u00ebrues kan\u00eb influenc\u00eb morboze t\u00eb madhe tek individi, t\u00eb cilin e kan\u00eb prekur n\u00eb psikik\u00ebn e tij.<\/p>\n<p>Pik\u00ebrisht k\u00ebtu e ka burimin inkoseguenca mendore q\u00eb paraqet Saliu kur i cenohet ose i k\u00ebrc\u00ebnohet kariera politike, nga nj\u00eb forc\u00eb madhore si Amerika..<\/p>\n<p>Kjo \u00ebsht\u00eb arsyeja, q\u00eb, kur Saliun e k\u00ebrc\u00ebnon forca amerikane, ai trembet, se e torturon menj\u00ebher\u00eb n\u00eb psikik\u00eb mania e persekutimit, dhe, p\u00ebr ta shtyr\u00eb k\u00ebt\u00eb mani, n\u00eb \u00e7ast i hyn n\u00eb veprim deliri i madh\u00ebshtis\u00eb, i cili e nxit t\u00eb thot\u00eb:<\/p>\n<p>\u201cMua m\u00eb ndjekin se jam njeri i madh\u201d, dhe kjo forc\u00eb false q\u00eb e pushton, menj\u00ebher\u00eb, e \u00e7on at\u00eb n\u00eb fyerje dhe sharje ndaj atyre q\u00eb fillimisht e kan\u00eb trembur, a thua se ky \u00ebsht\u00eb nj\u00eb sundues absolut i bot\u00ebs.<\/p>\n<p>ll.\u00c7far\u00eb i ndodh Saliut n\u00eb psikik\u00ebn e tij kur at\u00eb e k\u00ebrc\u00ebnon Amerika?<\/p>\n<p>Deliri i madh\u00ebshtis\u00eb, i rindezur, menj\u00ebher\u00eb pas frik\u00ebs q\u00eb i ka nd\u00ebrkallur mania e persekucionit, i krijon individit n\u00eb psikik\u00eb iden\u00eb e madh\u00ebshtis\u00eb. Kjo madh\u00ebshti e vet\u00ebndier realisht si e v\u00ebrtet\u00eb, vjen dhe ia zbut Saliut frik\u00ebn, dhe, aty p\u00ebr aty, e detyron t\u00eb shpreh\u00eb faktin q\u00eb ai \u00ebsht\u00eb njeri i madh.<\/p>\n<p>Madje, n\u00eb k\u00ebto koh\u00ebt e fundit, disa her\u00eb rresht, deliri i madh\u00ebshtis\u00eb e ka shtyr\u00eb Saliun t\u00eb thot\u00eb:<\/p>\n<p>\u201cJam Sali Berisha un\u00eb, o budallenj, jam Sali Berisha\u201d!<\/p>\n<p>Ky \u00ebsht\u00eb delir madh\u00ebshtie sui generis, do thoshin psikiatrit.<\/p>\n<p>E keni d\u00ebgjuar sa her\u00eb e ka th\u00ebn\u00eb Saliu k\u00ebt\u00eb? A mund ta thot\u00eb nj\u00eb njeri normal k\u00ebt\u00eb?<\/p>\n<p>Ja, kjo \u00ebsht\u00eb madh\u00ebshtia e tij n\u00eb delir, q\u00eb ia zbut frik\u00ebn dhe e shtyn ta ekspozoj\u00eb madh\u00ebshtin\u00eb me nj\u00eb theks f\u00ebminor: Jam Sali Betisha un\u00eb, o budallenj, jam Sali Berisha un\u00eb!<\/p>\n<p>Sigurisht k\u00ebto kap\u00ebrcime q\u00eb shkojn\u00eb nga mania e persekutimit ose e p\u00ebrndjekjes, te deliri i madh\u00ebshtis\u00eb jan\u00eb simptoma klasike t\u00eb skizofrenis\u00eb.<\/p>\n<p>Ky \u00ebsht\u00eb, n\u00eb fakt, presidenti dhe ish kryeministri i Shqip\u00ebris\u00eb nga viti 1992-1997 dhe nga viti 2005 e deri n\u00eb vitin 2013.<\/p>\n<p>lll.I nj\u00ebjt\u00eb me Saliun, nga t\u00eb dy k\u00ebta delire, t\u00eb persekutimit dhe t\u00eb madheshtis\u00eb, n\u00eb badhk\u00ebshoq\u00ebrim, ka qen\u00eb i s\u00ebmur\u00eb edhe Enver Hoxha, se edhe ky ishte nj\u00eb skizofren klasik.<\/p>\n<p>Por Hoxha nuk e shfaqte skizofrenin\u00eb e tij kaq hapur dhe si f\u00ebmij\u00eb, si\u00e7 b\u00ebn Sali Berisha, sepse Hoxha kishte forc\u00ebn absolute, dhe, frik\u00ebn e tij t\u00eb persekutimit e zbuste me goditjen makab\u00ebr q\u00eb ai iu b\u00ebnte \u201cgrupeve armiq\u00ebsore\u201d, duke i d\u00ebnuar me vdekje, t\u00eb gjith\u00eb ata q\u00eb ai i shihte si konkurrent\u00eb n\u00eb politik\u00eb. Kurse, madh\u00ebshtin\u00eb e tij si delir, Enverit ia ushtronte shtypi dhe propaganda e tmerrshme q\u00eb ushtohej \u00e7do dit\u00eb n\u00eb vesh\u00ebt dhe n\u00eb mendjet e shqiptar\u00ebve. Kurse Hoxha k\u00ebnaqej kur i d\u00ebgjonte dhe shante president\u00ebt amerikan\u00eb, p\u00ebr t\u2019i treguar forc\u00eb edhe vetes, edhe lakenjve t\u00eb tij q\u00eb i sh\u00ebrbenin.<\/p>\n<p>A e kuptoni tani, q\u00eb, si shoq\u00ebri, p\u00ebrse ne kemi mbetur n\u00eb k\u00ebt\u00eb gjende t\u00eb mjer\u00eb?\u201d-shprehet Ngjela\/<\/p>\n","protected":false},"excerpt":{"rendered":"<p>Avokati Spartak Ngjela ka b\u00ebr\u00eb nj\u00eb reagim \u00ebsht\u00eb shprehur se Sali Berisha ka probleme psikike t\u00eb pariparueshme. Postimi i plot\u00eb: \u201cSali Berisha dallon q\u00eb ka probleme psikike t\u00eb pariparueshme, t\u00eb cilat e kan\u00eb \u00e7uar drejt tendenc\u00ebs p\u00ebr shkat\u00ebrrim, q\u00eb t\u00eb marr\u00eb forc\u00eb. Nj\u00eb i till\u00eb ka qen\u00eb edhe Enver Hoxha. l.Jan\u00eb dy delire bashk\u00ebshoq\u00ebrues q\u00eb [&hellip;]<\/p>\n","protected":false},"author":2020,"featured_media":204069,"comment_status":"closed","ping_status":"closed","sticky":false,"template":"","format":"standard","meta":{"footnotes":""},"categories":[241,5380,231],"tags":[],"class_list":{"0":"post-249965","1":"post","2":"type-post","3":"status-publish","4":"format-standard","5":"has-post-thumbnail","7":"category-aktualitet","8":"category-kryesore","9":"category-lajme"},"_links":{"self":[{"href":"https:\/\/zjarr.tv\/sq\/wp-json\/wp\/v2\/posts\/249965","targetHints":{"allow":["GET"]}}],"collection":[{"href":"https:\/\/zjarr.tv\/sq\/wp-json\/wp\/v2\/posts"}],"about":[{"href":"https:\/\/zjarr.tv\/sq\/wp-json\/wp\/v2\/types\/post"}],"author":[{"embeddable":true,"href":"https:\/\/zjarr.tv\/sq\/wp-json\/wp\/v2\/users\/2020"}],"replies":[{"embeddable":true,"href":"https:\/\/zjarr.tv\/sq\/wp-json\/wp\/v2\/comments?post=249965"}],"version-history":[{"count":0,"href":"https:\/\/zjarr.tv\/sq\/wp-json\/wp\/v2\/posts\/249965\/revisions"}],"wp:featuredmedia":[{"embeddable":true,"href":"https:\/\/zjarr.tv\/sq\/wp-json\/wp\/v2\/media\/204069"}],"wp:attachment":[{"href":"https:\/\/zjarr.tv\/sq\/wp-json\/wp\/v2\/media?parent=249965"}],"wp:term":[{"taxonomy":"category","embeddable":true,"href":"https:\/\/zjarr.tv\/sq\/wp-json\/wp\/v2\/categories?post=249965"},{"taxonomy":"post_tag","embeddable":true,"href":"https:\/\/zjarr.tv\/sq\/wp-json\/wp\/v2\/tags?post=249965"}],"curies":[{"name":"wp","href":"https:\/\/api.w.org\/{rel}","templated":true}]}}