{"id":250218,"date":"2022-04-10T15:37:39","date_gmt":"2022-04-10T13:37:39","guid":{"rendered":"https:\/\/zjarr.tv\/?p=250218"},"modified":"2022-04-10T15:37:39","modified_gmt":"2022-04-10T13:37:39","slug":"tmarrofte-zoti-ti-qe-per-30-vite-nuk-legalizove-pronen-per-30-dite-legalizon-kanabisin","status":"publish","type":"post","link":"https:\/\/zjarr.tv\/sq\/tmarrofte-zoti-ti-qe-per-30-vite-nuk-legalizove-pronen-per-30-dite-legalizon-kanabisin\/","title":{"rendered":"\u2018T\u2019marroft\u00eb Zoti, ti q\u00eb p\u00ebr 30 vite nuk legalizove pron\u00ebn, p\u00ebr 30 dit\u00eb legalizon kanabisin\u2019"},"content":{"rendered":"<p>Gjate k\u00ebtyre dit\u00ebve, kryeministri Edi Rama ka deklaruar se Shqip\u00ebria synon t\u00eb legalizoj\u00eb p\u00ebrdorimin e kanabisit p\u00ebr arsye mjek\u00ebsore.<\/p>\n<p>Nd\u00ebrkohe Famullitari i Shkodr\u00ebs, Dom Vlash Palaj ka reaguar ne lidhje me legalizimin e kanabisit ne vendin tone.<\/p>\n<p>Postimi nga Dom Vlash Palaj:<\/p>\n<p>Edhe kyt kishim mangut\u2026!<\/p>\n<p>Regjimi i asaj kohe detyroi kyt t\u2019shkret\u00eb popull t\u00eb HA bar\u00eb, ky i sotshmi t\u00eb PI bar\u00eb. Dallim i vogel\u2026!<\/p>\n<p>Po, si kshtu more, t\u2019marroft\u00eb Zoti, ti q\u00eb p\u00ebr 30 vite nuk legalizove pronen, p\u00ebr 30 dit\u00eb legalizon kanabisin!?<\/p>\n<p>Siguria n\u00eb kulm\u2026 Kanabis i legalizuar n\u00eb pron\u00eb t\u00eb palegalizuar.<\/p>\n<p>Dhe \u00e7ka asht ma e keqja, prap fajin e ka populli.<\/p>\n<p>N\u00eb fakt populli e ka fajin\u2026!<\/p>\n<p>Jo m\u00eb kot\u00eb Konica thoshte: \u201c Shqiptari asht por sdin me than\u00eb jam!\u201d<\/p>\n<p>Deri kur\u2026!<\/p>\n","protected":false},"excerpt":{"rendered":"<p>Gjate k\u00ebtyre dit\u00ebve, kryeministri Edi Rama ka deklaruar se Shqip\u00ebria synon t\u00eb legalizoj\u00eb p\u00ebrdorimin e kanabisit p\u00ebr arsye mjek\u00ebsore. Nd\u00ebrkohe Famullitari i Shkodr\u00ebs, Dom Vlash Palaj ka reaguar ne lidhje me legalizimin e kanabisit ne vendin tone. Postimi nga Dom Vlash Palaj: Edhe kyt kishim mangut\u2026! Regjimi i asaj kohe detyroi kyt t\u2019shkret\u00eb popull t\u00eb [&hellip;]<\/p>\n","protected":false},"author":2030,"featured_media":250219,"comment_status":"closed","ping_status":"closed","sticky":false,"template":"","format":"standard","meta":{"footnotes":""},"categories":[241,3366,5380,231],"tags":[],"class_list":{"0":"post-250218","1":"post","2":"type-post","3":"status-publish","4":"format-standard","5":"has-post-thumbnail","7":"category-aktualitet","8":"category-koment","9":"category-kryesore","10":"category-lajme"},"_links":{"self":[{"href":"https:\/\/zjarr.tv\/sq\/wp-json\/wp\/v2\/posts\/250218","targetHints":{"allow":["GET"]}}],"collection":[{"href":"https:\/\/zjarr.tv\/sq\/wp-json\/wp\/v2\/posts"}],"about":[{"href":"https:\/\/zjarr.tv\/sq\/wp-json\/wp\/v2\/types\/post"}],"author":[{"embeddable":true,"href":"https:\/\/zjarr.tv\/sq\/wp-json\/wp\/v2\/users\/2030"}],"replies":[{"embeddable":true,"href":"https:\/\/zjarr.tv\/sq\/wp-json\/wp\/v2\/comments?post=250218"}],"version-history":[{"count":0,"href":"https:\/\/zjarr.tv\/sq\/wp-json\/wp\/v2\/posts\/250218\/revisions"}],"wp:featuredmedia":[{"embeddable":true,"href":"https:\/\/zjarr.tv\/sq\/wp-json\/wp\/v2\/media\/250219"}],"wp:attachment":[{"href":"https:\/\/zjarr.tv\/sq\/wp-json\/wp\/v2\/media?parent=250218"}],"wp:term":[{"taxonomy":"category","embeddable":true,"href":"https:\/\/zjarr.tv\/sq\/wp-json\/wp\/v2\/categories?post=250218"},{"taxonomy":"post_tag","embeddable":true,"href":"https:\/\/zjarr.tv\/sq\/wp-json\/wp\/v2\/tags?post=250218"}],"curies":[{"name":"wp","href":"https:\/\/api.w.org\/{rel}","templated":true}]}}