{"id":250222,"date":"2022-04-10T15:40:12","date_gmt":"2022-04-10T13:40:12","guid":{"rendered":"https:\/\/zjarr.tv\/?p=250222"},"modified":"2022-04-10T15:40:12","modified_gmt":"2022-04-10T13:40:12","slug":"elezi-shpall-kandidaturen-per-kryetar-te-pd-se-ne-kukes-premtimi-per-demokratet","status":"publish","type":"post","link":"https:\/\/zjarr.tv\/sq\/elezi-shpall-kandidaturen-per-kryetar-te-pd-se-ne-kukes-premtimi-per-demokratet\/","title":{"rendered":"Elezi shpall kandidatur\u00ebn p\u00ebr kryetar t\u00eb PD-s\u00eb n\u00eb Kuk\u00ebs\/ Premtimi p\u00ebr demokrat\u00ebt"},"content":{"rendered":"<p>Irel Elezi, nga shoq\u00ebria civile ka shpallur publikisht kandidatur\u00ebn p\u00ebr kryetar t\u00eb Deg\u00ebs s\u00eb Partis\u00eb Demokratike n\u00eb Kuk\u00ebs, n\u00eb kuad\u00ebr t\u00eb ngritjes s\u00eb strukturave drejtuese dhe zgjedhjeve q\u00eb po zhvillohen brenda Partis\u00eb Demokratike.<\/p>\n<p>Me nj\u00eb aktivizimin mbi 20-vje\u00e7ar n\u00eb PD, Elezi \u00ebsht\u00eb propozuar nga seksionet dhe grup seksionet e PD-s\u00eb Kuk\u00ebs, n\u00eb gar\u00ebn p\u00ebr kreun e k\u00ebsaj dege.<\/p>\n<p>N\u00eb nj\u00eb prononcim p\u00ebr mediat, ai tha se me vot-besimin e demokrat\u00ebve do t\u00eb rind\u00ebrtoj\u00eb nj\u00eb PD t\u00eb fort\u00eb.<\/p>\n<p>\u201cQ\u00ebllimi im kryesor \u00ebsht\u00eb t\u00eb b\u00ebhet riorganizimi I PD-s\u00eb Kuk\u00ebs, q\u00eb t\u00eb jet\u00eb shpres\u00eb dhe forc\u00eb p\u00ebr komunitetin e Kuk\u00ebsit. Kam disa ide t\u00eb mijat. Do kisha d\u00ebshir\u00eb q\u00eb k\u00ebto ide t\u00eb prezantoheshin bashk\u00eb me kandidat\u00ebt e tjer\u00eb n\u00eb kuad\u00ebr t\u00eb zhvillimit t\u00eb primareve dhe debateve n\u00eb t\u00eb gjitha komunat e Kuk\u00ebsit. Por kjo nuk u b\u00eb e mundur. Nd\u00ebr idet\u00eb kryesore t\u00eb riogranizimit t\u00eb PD-s\u00eb Kuk\u00ebs, \u00ebsht\u00eb ajo q\u00eb un\u00eb kam d\u00ebshir\u00eb dhe pretendoj\u00eb ta b\u00ebj\u00eb \u00ebsht\u00eb afrimi I t\u00eb gjitha kapaciteteve n\u00eb PD me djem dhe vajza t\u00eb reja,me kontribuesit, intelektual\u00ebt dhe guximtar\u00ebt e PD-s\u00eb. T\u00eb gjith\u00eb k\u00ebta b\u00ebjn\u00eb t\u00eb mundur q\u00eb PD-ja t\u00eb shihet si nj\u00eb forc\u00eb dhe shpres\u00eb p\u00ebr t\u00eb ardhmen.P\u00ebr t\u00eb ndryshuar gj\u00ebrat p\u00ebr t\u00eb mir\u00eb dhe p\u00ebr t\u00eb ndaluar hemoragjin\u00eb q\u00eb po I ndodh Kuk\u00ebsit. Sepse, si\u00e7 e dini nga Kuk\u00ebsi, k\u00ebto 9 vitet e fundit \u00ebsht\u00eb larguar nj\u00eb pjes\u00eb shum\u00eb e madhe e Kuksian\u00ebve duke e varf\u00ebruar shum\u00eb zon\u00ebn ton\u00eb. Varf\u00ebrim n\u00eb apektin ekonomik dhe intelektual. Dhe kjo duhet t\u00eb b\u00ebr\u00eb n\u00eb gj\u00ebn\u00eb primare,dh\u00ebnien e shpres\u00ebs tek njerezit dhe frenimi I k\u00ebsaj hemoragjie q\u00eb po ndodh. Kam nj\u00eb ide timen n\u00eb lidhje me aktivizimin e t\u00eb rinj\u00ebve dhe krijimin e nj\u00eb akademie p\u00ebr t\u00eb rinjt\u00eb. P\u00ebr k\u00ebt\u00eb kam ndihm\u00ebn dhe mb\u00ebshtetjen t\u00eb disa shok\u00ebve t\u00eb mi nga jasht\u00eb dhe akademik\u00ebve me q\u00ebllim q\u00eb t\u00eb rinjt\u00eb t\u00eb zhvillohen dhe t\u00eb njihen me konceptet politike dhe ideologjike. Sepse, \u00ebsht\u00eb shum\u00eb e r\u00ebnd\u00ebsishme q\u00eb ata t\u00eb jen\u00eb shum\u00eb t\u00eb qart\u00eb politikisht dhe ideologjikisht. Kryesisht,kjo mendoj se do ti vij\u00eb n\u00eb ndihm\u00eb edhe PD-s\u00eb dhe t\u00eb rinj\u00ebve sepse do t\u00eb krijonim nj\u00eb brez t\u00eb ri t\u00eb p\u00ebrgatitur t\u00eb cil\u00ebt do t\u00eb na z\u00ebvend\u00ebsojn\u00eb dhe mund t\u00eb marrin frer\u00ebt e PD-s\u00eb,pushtetit lokal dhe q\u00ebndror n\u00eb nj\u00eb t\u00eb nes\u00ebrme.Nj\u00eb nga q\u00ebllimet e mia kryesore \u00ebsht\u00eb edhe mb\u00ebshtetja q\u00eb PD-ja si forc\u00eb e djatht\u00eb duhet tiu b\u00ebj\u00eb bizneseve q\u00eb t\u00eb jen\u00eb promotor t\u00eb zhvillimit ekonomik t\u00eb cillat rjedhimit zhvillojn\u00eb edhe fushat e tjera.Do kisha d\u00ebshir\u00eb q\u00eb PD-ja n\u00eb pushtet ti leht\u00ebsonte barr\u00ebn fiskale ndaj tyre,ti ndimonte me q\u00ebllim q\u00eb bizneset t\u00eb zgjeroheshin.Dhe me zgjerimin dhe zhvillimin e tyre do t\u00eb rritin edhe numrin e t\u00eb pun\u00ebsuar\u00ebve dhe leht\u00ebsimin e barr\u00ebs s\u00eb pushtetit ndaj t\u00eb papun\u00ebve. K\u00ebto dhe nj\u00eb s\u00ebr\u00eb idesh t\u00eb tjera kan\u00eb b\u00ebr\u00eb q\u00eb ta marr\u00eb p\u00ebrsip\u00ebr kandimin p\u00ebr kryetar t\u00eb PD-s\u00eb Kuk\u00ebs dhe t\u00eb k\u00ebrkoj\u00eb vot\u00ebbesimin e demokrat\u00ebve Kuk\u00ebsian\u00eb\u201d, u shpreh Elezi.<\/p>\n<p>Irel Elezi vjen nga nj\u00eb familje e djatht\u00eb dhe e lidhur ngusht\u00eb me PD. Babai i tij ka qen\u00eb nd\u00ebr themeluesit e par\u00eb t\u00eb PD n\u00eb Kuk\u00ebs nd\u00ebrsa v\u00ebllai Ibsen Elezi kryetar i PD n\u00eb Kuk\u00ebs p\u00ebr kat\u00ebr vite dhe me funksione publike n\u00eb pushtetin vendor.<\/p>\n","protected":false},"excerpt":{"rendered":"<p>Irel Elezi, nga shoq\u00ebria civile ka shpallur publikisht kandidatur\u00ebn p\u00ebr kryetar t\u00eb Deg\u00ebs s\u00eb Partis\u00eb Demokratike n\u00eb Kuk\u00ebs, n\u00eb kuad\u00ebr t\u00eb ngritjes s\u00eb strukturave drejtuese dhe zgjedhjeve q\u00eb po zhvillohen brenda Partis\u00eb Demokratike. Me nj\u00eb aktivizimin mbi 20-vje\u00e7ar n\u00eb PD, Elezi \u00ebsht\u00eb propozuar nga seksionet dhe grup seksionet e PD-s\u00eb Kuk\u00ebs, n\u00eb gar\u00ebn p\u00ebr kreun [&hellip;]<\/p>\n","protected":false},"author":2030,"featured_media":250223,"comment_status":"closed","ping_status":"closed","sticky":false,"template":"","format":"standard","meta":{"footnotes":""},"categories":[241,3366,5380,231,1454],"tags":[],"class_list":{"0":"post-250222","1":"post","2":"type-post","3":"status-publish","4":"format-standard","5":"has-post-thumbnail","7":"category-aktualitet","8":"category-koment","9":"category-kryesore","10":"category-lajme","11":"category-politike"},"_links":{"self":[{"href":"https:\/\/zjarr.tv\/sq\/wp-json\/wp\/v2\/posts\/250222","targetHints":{"allow":["GET"]}}],"collection":[{"href":"https:\/\/zjarr.tv\/sq\/wp-json\/wp\/v2\/posts"}],"about":[{"href":"https:\/\/zjarr.tv\/sq\/wp-json\/wp\/v2\/types\/post"}],"author":[{"embeddable":true,"href":"https:\/\/zjarr.tv\/sq\/wp-json\/wp\/v2\/users\/2030"}],"replies":[{"embeddable":true,"href":"https:\/\/zjarr.tv\/sq\/wp-json\/wp\/v2\/comments?post=250222"}],"version-history":[{"count":0,"href":"https:\/\/zjarr.tv\/sq\/wp-json\/wp\/v2\/posts\/250222\/revisions"}],"wp:featuredmedia":[{"embeddable":true,"href":"https:\/\/zjarr.tv\/sq\/wp-json\/wp\/v2\/media\/250223"}],"wp:attachment":[{"href":"https:\/\/zjarr.tv\/sq\/wp-json\/wp\/v2\/media?parent=250222"}],"wp:term":[{"taxonomy":"category","embeddable":true,"href":"https:\/\/zjarr.tv\/sq\/wp-json\/wp\/v2\/categories?post=250222"},{"taxonomy":"post_tag","embeddable":true,"href":"https:\/\/zjarr.tv\/sq\/wp-json\/wp\/v2\/tags?post=250222"}],"curies":[{"name":"wp","href":"https:\/\/api.w.org\/{rel}","templated":true}]}}