{"id":250230,"date":"2022-04-10T16:52:47","date_gmt":"2022-04-10T14:52:47","guid":{"rendered":"https:\/\/zjarr.tv\/?p=250230"},"modified":"2022-04-10T16:52:47","modified_gmt":"2022-04-10T14:52:47","slug":"edi-rama-mberrin-ne-berlin-neser-takohet-me-kancelarin-olaf-scholz","status":"publish","type":"post","link":"https:\/\/zjarr.tv\/sq\/edi-rama-mberrin-ne-berlin-neser-takohet-me-kancelarin-olaf-scholz\/","title":{"rendered":"Edi Rama mb\u00ebrrin n\u00eb Berlin, nes\u00ebr takohet me kancelarin Olaf Scholz"},"content":{"rendered":"<p>Kryeministri Edi Rama ka mb\u00ebrritur n\u00eb Berlin, ku nes\u00ebr do t\u00eb zhvilloj\u00eb nj\u00eb takim zyrtar me kancelarin gjerman Olaf Scholz.<\/p>\n<p>Gjithashtu Rama do t\u00eb takoj\u00eb edhe Presidentin Frank-Walter Steinmeier. N\u00eb fokus t\u00eb bisedimeve do t\u00eb jet\u00eb an\u00ebtar\u00ebsimi i Shqip\u00ebris\u00eb n\u00eb Bashkimin Europian, si dhe reagimi i NATO-s p\u00ebr luft\u00ebn n\u00eb Ukrain\u00eb.<\/p>\n<p>Agjenda:<\/p>\n<p>E diel, 10 prill<\/p>\n<p>15.05 \u2013 Mb\u00ebrritja n\u00eb aeroportin Berlin-Brandenburg<\/p>\n<p>Ceremonia zyrtare e pritjes p\u00ebr Kryeministrin dhe delegacionin q\u00eb e shoq\u00ebron.<\/p>\n<p>15.15 \u2013 Nisja drejt qytetit t\u00eb Berlinit<\/p>\n<p>E h\u00ebn\u00eb, 11 prill<\/p>\n<p>10.30 \u2013 Vizit\u00eb n\u00eb ambientet e \u201cFactory Berlin\u201d<\/p>\n<p>12.30 \u2013 Takim me znj. Franziska Giffey, kryetare e bashkis\u00eb s\u00eb Berlinit<\/p>\n<p>15.20 \u2013 Takim bilateral me z. Frank-\u00cbalter Steinmeier, President Federal i Gjermanis\u00eb<\/p>\n<p>18.00 \u2013 Takim tete-a-tete me z. Olaf Scholz, Kancelar Federal i Gjermanis\u00eb<\/p>\n<p>18.15 \u2013 Konferenc\u00eb e p\u00ebrbashk\u00ebt shtypi me z. Olaf Scholz, Kancelar Federal i Gjermanis\u00eb.<\/p>\n","protected":false},"excerpt":{"rendered":"<p>Kryeministri Edi Rama ka mb\u00ebrritur n\u00eb Berlin, ku nes\u00ebr do t\u00eb zhvilloj\u00eb nj\u00eb takim zyrtar me kancelarin gjerman Olaf Scholz. Gjithashtu Rama do t\u00eb takoj\u00eb edhe Presidentin Frank-Walter Steinmeier. N\u00eb fokus t\u00eb bisedimeve do t\u00eb jet\u00eb an\u00ebtar\u00ebsimi i Shqip\u00ebris\u00eb n\u00eb Bashkimin Europian, si dhe reagimi i NATO-s p\u00ebr luft\u00ebn n\u00eb Ukrain\u00eb. Agjenda: E diel, 10 [&hellip;]<\/p>\n","protected":false},"author":2030,"featured_media":250231,"comment_status":"closed","ping_status":"closed","sticky":false,"template":"","format":"standard","meta":{"footnotes":""},"categories":[241,5380,231],"tags":[],"class_list":{"0":"post-250230","1":"post","2":"type-post","3":"status-publish","4":"format-standard","5":"has-post-thumbnail","7":"category-aktualitet","8":"category-kryesore","9":"category-lajme"},"_links":{"self":[{"href":"https:\/\/zjarr.tv\/sq\/wp-json\/wp\/v2\/posts\/250230","targetHints":{"allow":["GET"]}}],"collection":[{"href":"https:\/\/zjarr.tv\/sq\/wp-json\/wp\/v2\/posts"}],"about":[{"href":"https:\/\/zjarr.tv\/sq\/wp-json\/wp\/v2\/types\/post"}],"author":[{"embeddable":true,"href":"https:\/\/zjarr.tv\/sq\/wp-json\/wp\/v2\/users\/2030"}],"replies":[{"embeddable":true,"href":"https:\/\/zjarr.tv\/sq\/wp-json\/wp\/v2\/comments?post=250230"}],"version-history":[{"count":0,"href":"https:\/\/zjarr.tv\/sq\/wp-json\/wp\/v2\/posts\/250230\/revisions"}],"wp:featuredmedia":[{"embeddable":true,"href":"https:\/\/zjarr.tv\/sq\/wp-json\/wp\/v2\/media\/250231"}],"wp:attachment":[{"href":"https:\/\/zjarr.tv\/sq\/wp-json\/wp\/v2\/media?parent=250230"}],"wp:term":[{"taxonomy":"category","embeddable":true,"href":"https:\/\/zjarr.tv\/sq\/wp-json\/wp\/v2\/categories?post=250230"},{"taxonomy":"post_tag","embeddable":true,"href":"https:\/\/zjarr.tv\/sq\/wp-json\/wp\/v2\/tags?post=250230"}],"curies":[{"name":"wp","href":"https:\/\/api.w.org\/{rel}","templated":true}]}}