{"id":250640,"date":"2022-04-11T19:08:13","date_gmt":"2022-04-11T17:08:13","guid":{"rendered":"https:\/\/zjarr.tv\/?p=250640"},"modified":"2022-04-11T19:08:13","modified_gmt":"2022-04-11T17:08:13","slug":"sanksionet-per-aqif-rakipin-reagon-gazment-bardhi-per-here-te-pare-shba-e-thote-qarte-se-krimi-i-organizuar-ka-ndikim-ne-politiken-shqiptare","status":"publish","type":"post","link":"https:\/\/zjarr.tv\/sq\/sanksionet-per-aqif-rakipin-reagon-gazment-bardhi-per-here-te-pare-shba-e-thote-qarte-se-krimi-i-organizuar-ka-ndikim-ne-politiken-shqiptare\/","title":{"rendered":"Sanksionet p\u00ebr Aqif Rakipin, reagon Gazment Bardhi: P\u00ebr her\u00eb t\u00eb par\u00eb SHBA e thot\u00eb qart\u00eb se krimi i organizuar ka ndikim n\u00eb politik\u00ebn shqiptare"},"content":{"rendered":"<p>Deputeti i\u00a0 partis\u00eb Demokratike Gazment Bardhi ka reaguar p\u00ebr shpalljet \u201cnon grata\u201d nga DASH t\u00eb ish-deputetit Aqif Rakipi dhe biznesmenit Ylli Ndroqi.<\/p>\n<p>P\u00ebrmes nj\u00eb psotimi n\u00eb Facebook, Bardhi thot\u00eb se SHBA p\u00ebr her\u00eb t\u00eb par\u00eb shprehet qart\u00eb se krimi i organizuar ka ndikim n\u00eb politik\u00ebn shqiptare .<\/p>\n<p>Sipas tij evidentimi me em\u00ebr dhe mbiem\u00ebr nga SHBA i politikan\u00ebve t\u00eb lidhur me krimin e organizuar dhe t\u00eb korruptuar \u00ebsht\u00eb nj\u00eb standart q\u00eb meriton respekt dhe duhet t\u00eb vijoj\u00eb<\/p>\n<p>\u201cP\u00ebr her\u00eb t\u00eb par\u00eb SHBA shprehet qart\u00eb se krimi i organizuar ka ndikim n\u00eb politik\u00ebn shqiptare, duke p\u00ebrdorur para dhe dhun\u00eb p\u00ebr t\u00eb p\u00ebrcjell\u00eb mb\u00ebshtetje drejt kandidat\u00ebve t\u00eb preferuar. Zgjedhjet e Prillit 2021, ve\u00e7an\u00ebrisht n\u00eb Elbasan, e provuan k\u00ebt\u00eb dhe p\u00ebrfituesi i drejtp\u00ebrdrejt\u00eb dhe arkitekti i k\u00ebsaj skeme ishte dhe mbetet Edi Rama.<\/p>\n<p>Evidentimi me em\u00ebr dhe mbiem\u00ebr nga SHBA i politikan\u00ebve t\u00eb lidhur me krimin e organizuar dhe t\u00eb korruptuar \u00ebsht\u00eb nj\u00eb standart q\u00eb meriton respekt dhe duhet t\u00eb vijoj\u00eb. Vet\u00ebm me mb\u00ebshtetjen e SHBA mund t\u00eb pastrohet politika shqiptare dhe qeverisja tju kthehet njer\u00ebzve\u201d, shkruan Bardhi.<\/p>\n","protected":false},"excerpt":{"rendered":"<p>Deputeti i\u00a0 partis\u00eb Demokratike Gazment Bardhi ka reaguar p\u00ebr shpalljet \u201cnon grata\u201d nga DASH t\u00eb ish-deputetit Aqif Rakipi dhe biznesmenit Ylli Ndroqi. P\u00ebrmes nj\u00eb psotimi n\u00eb Facebook, Bardhi thot\u00eb se SHBA p\u00ebr her\u00eb t\u00eb par\u00eb shprehet qart\u00eb se krimi i organizuar ka ndikim n\u00eb politik\u00ebn shqiptare . Sipas tij evidentimi me em\u00ebr dhe mbiem\u00ebr nga [&hellip;]<\/p>\n","protected":false},"author":2030,"featured_media":211920,"comment_status":"closed","ping_status":"closed","sticky":false,"template":"","format":"standard","meta":{"footnotes":""},"categories":[241,3366,5380,231,1454],"tags":[],"class_list":{"0":"post-250640","1":"post","2":"type-post","3":"status-publish","4":"format-standard","5":"has-post-thumbnail","7":"category-aktualitet","8":"category-koment","9":"category-kryesore","10":"category-lajme","11":"category-politike"},"_links":{"self":[{"href":"https:\/\/zjarr.tv\/sq\/wp-json\/wp\/v2\/posts\/250640","targetHints":{"allow":["GET"]}}],"collection":[{"href":"https:\/\/zjarr.tv\/sq\/wp-json\/wp\/v2\/posts"}],"about":[{"href":"https:\/\/zjarr.tv\/sq\/wp-json\/wp\/v2\/types\/post"}],"author":[{"embeddable":true,"href":"https:\/\/zjarr.tv\/sq\/wp-json\/wp\/v2\/users\/2030"}],"replies":[{"embeddable":true,"href":"https:\/\/zjarr.tv\/sq\/wp-json\/wp\/v2\/comments?post=250640"}],"version-history":[{"count":0,"href":"https:\/\/zjarr.tv\/sq\/wp-json\/wp\/v2\/posts\/250640\/revisions"}],"wp:featuredmedia":[{"embeddable":true,"href":"https:\/\/zjarr.tv\/sq\/wp-json\/wp\/v2\/media\/211920"}],"wp:attachment":[{"href":"https:\/\/zjarr.tv\/sq\/wp-json\/wp\/v2\/media?parent=250640"}],"wp:term":[{"taxonomy":"category","embeddable":true,"href":"https:\/\/zjarr.tv\/sq\/wp-json\/wp\/v2\/categories?post=250640"},{"taxonomy":"post_tag","embeddable":true,"href":"https:\/\/zjarr.tv\/sq\/wp-json\/wp\/v2\/tags?post=250640"}],"curies":[{"name":"wp","href":"https:\/\/api.w.org\/{rel}","templated":true}]}}