{"id":250666,"date":"2022-04-12T04:28:36","date_gmt":"2022-04-12T02:28:36","guid":{"rendered":"https:\/\/zjarr.tv\/?p=250666"},"modified":"2022-04-12T04:28:36","modified_gmt":"2022-04-12T02:28:36","slug":"zedhenesja-e-be-nuk-do-te-kete-ndarje-te-shqiperise-nga-maqedonia-e-veriut","status":"publish","type":"post","link":"https:\/\/zjarr.tv\/sq\/zedhenesja-e-be-nuk-do-te-kete-ndarje-te-shqiperise-nga-maqedonia-e-veriut\/","title":{"rendered":"Z\u00ebdh\u00ebn\u00ebsja e BE: Nuk do t\u00eb ket\u00eb ndarje t\u00eb Shqip\u00ebris\u00eb nga Maqedonia e Veriut"},"content":{"rendered":"<p>Tirana zyrtare, n\u00ebse Konferenca e Par\u00eb Nd\u00ebrqeveritare ngelet n\u00eb ng\u00ebr\u00e7, do t\u00eb k\u00ebrkoj\u00eb ndarjen nga Maqedonia e Veriut dhe hapjen e negociatave menj\u00ebher\u00eb, duke qen\u00eb se kushtet jan\u00eb plot\u00ebsuar. <\/p>\n<p>Ka qen\u00eb kjo k\u00ebrkesa e popullit shqiptar \u2013 e shprehur n\u00eb procesin e K\u00ebshillimit Komb\u00ebtar me 67% t\u00eb votave pro \u2013 p\u00ebr t\u00eb ndar\u00eb Shqip\u00ebrin\u00eb nga fqinja e saj n\u00eb rrug\u00ebtimin e p\u00ebrbashk\u00ebt drejt Bashkimit Evropian. <\/p>\n<p>Por, unioni mbetet i pal\u00ebkundur n\u00eb q\u00ebndrimin e tij. <\/p>\n<p>Ana Pisonero, z\u00ebdh\u00ebn\u00ebsja e shtypit p\u00ebr zgjerimin dhe fqinj\u00ebsin\u00eb e mir\u00eb pran\u00eb BE-s\u00eb, n\u00eb nj\u00eb p\u00ebrgjigje p\u00ebr\u00a0Albanian Post, shkruan se, \u201cq\u00ebndrimi i BE-s\u00eb mbetet i qart\u00eb\u201d. <\/p>\n<p>\u201cPresim me padurim nisjen zyrtare t\u00eb negociatave t\u00eb an\u00ebtar\u00ebsimit me t\u00eb dyja vendet, me mbajtjen sa m\u00eb t\u00eb shpejt\u00eb t\u00eb Konferencave t\u00eb Para Nd\u00ebrqeveritare\u201d, shkruan ajo. <\/p>\n<p>Pisonero shton se, K\u00ebshilli Evropian vendosi n\u00eb mars t\u00eb 2020-\u00ebs t\u00eb hapte negociatat e an\u00ebtar\u00ebsimit me Shqip\u00ebrin\u00eb dhe Maqedonin\u00eb e Veriut, pasi t\u00eb dyja vendet kishin plot\u00ebsuar detyrat duke e merituar k\u00ebt\u00eb. <\/p>\n<p>Z\u00ebdh\u00ebn\u00ebsja e BE-s\u00eb ka edhe nj\u00eb mesazh p\u00ebr Bullgarin\u00eb dhe Maqedonin\u00eb e Veriut. <\/p>\n<p>Ajo shprehet se unioni i inkurajon t\u00eb dyja pal\u00ebt q\u00eb t\u00eb gjejn\u00eb nj\u00eb zgjidhje t\u00eb pranueshme reciproke p\u00ebr \u00e7\u00ebshtjet e mbetura pezull. <\/p>\n<p>Zyrtar\u00eb t\u00eb lart\u00eb t\u00eb BE-s\u00eb kan\u00eb ravij\u00ebzuar se t\u00eb dyja vendet i kan\u00eb plot\u00ebsuar kushtet p\u00ebr mbajtjen e Konferenc\u00ebs s\u00eb Par\u00eb Nd\u00ebrqeveritare, por veto-ja bullgare ndaj MV-s\u00eb mbetet penalizuese. <\/p>\n<p>Vet\u00eb kryeministri i Shqip\u00ebris\u00eb, Edi Rama, gjat\u00eb konferenc\u00ebs s\u00eb p\u00ebrbashk\u00ebt me kancelarin gjerman, Olaf Scholz, u shpreh se Shqip\u00ebria do t\u00eb k\u00ebrkoj\u00eb ndarje nga MV-ja. <\/p>\n<p>Ai e paralajm\u00ebroi n\u00eb dhjetor t\u00eb vitit t\u00eb kaluar se, n\u00ebse Bullgaria do t\u00eb vazhdoj\u00eb t\u00eb v\u00ebr\u00eb veton, \u201cdo t\u00eb fillojm\u00eb hapur t\u00eb k\u00ebrkojm\u00eb ndarjen nga Maqedonia e Veriut\u201d. <\/p>\n<p>Numri nj\u00eb i Qeveris\u00eb shqiptare e ka cil\u00ebsuar k\u00ebt\u00eb si nj\u00eb faz\u00eb absurde t\u00eb bllokimit t\u00eb Maqedonis\u00eb nga Bullgaria. <\/p>\n<p>Pse u vendos veto-ja? <\/p>\n<p>Vitin e kaluar, Komisioneri i Bashkimit Evropian p\u00ebr Fqinj\u00ebsin\u00eb dhe Zgjerimin, Oliver Varhelyi, la t\u00eb kuptohej se unioni mund t\u2019i \u00e7el\u00eb negociatat vet\u00ebm me Shqip\u00ebrin\u00eb, n\u00ebse Maqedonia e Veriut nuk e zgjidh ng\u00ebr\u00e7in me Bullgarin\u00eb. <\/p>\n<p>P\u00ebrparimi i Maqedonis\u00eb s\u00eb Veriut dhe Shqip\u00ebris\u00eb u bllokua m\u00eb 22 qershor, p\u00ebr shkak t\u00eb vetos s\u00eb Bullgaris\u00eb, p\u00ebr fillimin e negociatave t\u00eb an\u00ebtar\u00ebsimit me Bashkimin Evropian. <\/p>\n<p>Kushtet e Bullgaris\u00eb p\u00ebrfshijn\u00eb refuzimin e qart\u00eb t\u00eb Republik\u00ebs s\u00eb Maqedonis\u00eb Veriore nga pretendimet territoriale, t\u00eb pakicave dhe historike ndaj Bullgaris\u00eb. <\/p>\n<p>Sakaq, ata k\u00ebrkojn\u00eb ndryshimin e mbishkrimeve apo monumenteve q\u00eb nxisin urrejtjen ndaj Bullgaris\u00eb n\u00eb Republik\u00ebn e Maqedonis\u00eb s\u00eb Veriut. <\/p>\n<p>K\u00ebto dy shtete kan\u00eb pasur konflikte t\u00eb hershme historike. Tensionet mes vendeve u rrit\u00ebn vitin e kaluar. <\/p>\n<p>Kjo erdhi pas vendosjes s\u00eb vetos nga pala bullgare p\u00ebr hapjen e negociatave mes Bashkimit Evropian dhe MV-s\u00eb. <\/p>\n<p>Kjo p\u00ebr shkak t\u00eb d\u00ebshtimit t\u00eb qeveris\u00eb s\u00eb Shkupit p\u00ebr t\u00eb adresuar shqet\u00ebsime t\u00eb caktuara t\u00eb identitetit. <\/p>\n<p>\u00a0<\/p>\n","protected":false},"excerpt":{"rendered":"<p>Tirana zyrtare, n\u00ebse Konferenca e Par\u00eb Nd\u00ebrqeveritare ngelet n\u00eb ng\u00ebr\u00e7, do t\u00eb k\u00ebrkoj\u00eb ndarjen nga Maqedonia e Veriut dhe hapjen e negociatave menj\u00ebher\u00eb, duke qen\u00eb se kushtet jan\u00eb plot\u00ebsuar. Ka qen\u00eb kjo k\u00ebrkesa e popullit shqiptar \u2013 e shprehur n\u00eb procesin e K\u00ebshillimit Komb\u00ebtar me 67% t\u00eb votave pro \u2013 p\u00ebr t\u00eb ndar\u00eb Shqip\u00ebrin\u00eb nga [&hellip;]<\/p>\n","protected":false},"author":2031,"featured_media":250667,"comment_status":"closed","ping_status":"closed","sticky":false,"template":"","format":"standard","meta":{"footnotes":""},"categories":[241,231],"tags":[],"class_list":{"0":"post-250666","1":"post","2":"type-post","3":"status-publish","4":"format-standard","5":"has-post-thumbnail","7":"category-aktualitet","8":"category-lajme"},"_links":{"self":[{"href":"https:\/\/zjarr.tv\/sq\/wp-json\/wp\/v2\/posts\/250666","targetHints":{"allow":["GET"]}}],"collection":[{"href":"https:\/\/zjarr.tv\/sq\/wp-json\/wp\/v2\/posts"}],"about":[{"href":"https:\/\/zjarr.tv\/sq\/wp-json\/wp\/v2\/types\/post"}],"author":[{"embeddable":true,"href":"https:\/\/zjarr.tv\/sq\/wp-json\/wp\/v2\/users\/2031"}],"replies":[{"embeddable":true,"href":"https:\/\/zjarr.tv\/sq\/wp-json\/wp\/v2\/comments?post=250666"}],"version-history":[{"count":0,"href":"https:\/\/zjarr.tv\/sq\/wp-json\/wp\/v2\/posts\/250666\/revisions"}],"wp:featuredmedia":[{"embeddable":true,"href":"https:\/\/zjarr.tv\/sq\/wp-json\/wp\/v2\/media\/250667"}],"wp:attachment":[{"href":"https:\/\/zjarr.tv\/sq\/wp-json\/wp\/v2\/media?parent=250666"}],"wp:term":[{"taxonomy":"category","embeddable":true,"href":"https:\/\/zjarr.tv\/sq\/wp-json\/wp\/v2\/categories?post=250666"},{"taxonomy":"post_tag","embeddable":true,"href":"https:\/\/zjarr.tv\/sq\/wp-json\/wp\/v2\/tags?post=250666"}],"curies":[{"name":"wp","href":"https:\/\/api.w.org\/{rel}","templated":true}]}}