{"id":250670,"date":"2022-04-12T04:34:44","date_gmt":"2022-04-12T02:34:44","guid":{"rendered":"https:\/\/zjarr.tv\/?p=250670"},"modified":"2022-04-12T04:34:44","modified_gmt":"2022-04-12T02:34:44","slug":"gazetarja-lala-nje-grup-kriminal-eshte-pergjuar-duke-permendur-zyrtarin-e-larte-me-pseudonimin-matematiku","status":"publish","type":"post","link":"https:\/\/zjarr.tv\/sq\/gazetarja-lala-nje-grup-kriminal-eshte-pergjuar-duke-permendur-zyrtarin-e-larte-me-pseudonimin-matematiku\/","title":{"rendered":"Gazetarja Lala: Nj\u00eb grup kriminal \u00ebsht\u00eb p\u00ebrgjuar duke p\u00ebrmendur zyrtarin e lart\u00eb me pseudonimin \u201cMatematiku\u201d"},"content":{"rendered":"<p>Nj\u00eb zyrtar i lart\u00eb ka dal\u00eb n\u00eb p\u00ebrgjimet e nj\u00eb grupi kriminal n\u00eb Shkod\u00ebr, thot\u00eb gazetarja Klodiana Lala. <\/p>\n<p>Sipas saj, zyrtari \u00ebsht\u00eb person politik, dhe n\u00eb bisedimet mes grupit kriminal \u00ebsht\u00eb p\u00ebrmendur me pseudonimin \u201cMatematiku\u201d. <\/p>\n<p>Nj\u00eb zyrtar i lart\u00eb, njeri politik, del n\u00eb p\u00ebrgjimet e nj\u00eb grupi kriminal n\u00eb Shkod\u00ebr me pseudonimin \u201cMatematiku\u201d. SPAK duhet t\u00eb hetoj\u00eb maxhoranc\u00ebn aktuale, por duhet t\u00eb hetoj\u00eb edhe maxhoranc\u00ebn e m\u00ebparshme\u201d, u shpreh Lala n\u00eb emisionin \u201cOpinion\u201d duke shtuar se SPAK do t\u00eb l\u00ebshoj\u00eb urdh\u00ebr arreste t\u00eb tjera p\u00ebr disa \u00e7\u00ebshtje t\u00eb konsideruara si afera t\u00eb m\u00ebdha korruptive.<\/p>\n","protected":false},"excerpt":{"rendered":"<p>Nj\u00eb zyrtar i lart\u00eb ka dal\u00eb n\u00eb p\u00ebrgjimet e nj\u00eb grupi kriminal n\u00eb Shkod\u00ebr, thot\u00eb gazetarja Klodiana Lala. Sipas saj, zyrtari \u00ebsht\u00eb person politik, dhe n\u00eb bisedimet mes grupit kriminal \u00ebsht\u00eb p\u00ebrmendur me pseudonimin \u201cMatematiku\u201d. Nj\u00eb zyrtar i lart\u00eb, njeri politik, del n\u00eb p\u00ebrgjimet e nj\u00eb grupi kriminal n\u00eb Shkod\u00ebr me pseudonimin \u201cMatematiku\u201d. SPAK duhet [&hellip;]<\/p>\n","protected":false},"author":2031,"featured_media":250671,"comment_status":"closed","ping_status":"closed","sticky":false,"template":"","format":"standard","meta":{"footnotes":""},"categories":[241,231,235],"tags":[],"class_list":{"0":"post-250670","1":"post","2":"type-post","3":"status-publish","4":"format-standard","5":"has-post-thumbnail","7":"category-aktualitet","8":"category-lajme","9":"category-vendi"},"_links":{"self":[{"href":"https:\/\/zjarr.tv\/sq\/wp-json\/wp\/v2\/posts\/250670","targetHints":{"allow":["GET"]}}],"collection":[{"href":"https:\/\/zjarr.tv\/sq\/wp-json\/wp\/v2\/posts"}],"about":[{"href":"https:\/\/zjarr.tv\/sq\/wp-json\/wp\/v2\/types\/post"}],"author":[{"embeddable":true,"href":"https:\/\/zjarr.tv\/sq\/wp-json\/wp\/v2\/users\/2031"}],"replies":[{"embeddable":true,"href":"https:\/\/zjarr.tv\/sq\/wp-json\/wp\/v2\/comments?post=250670"}],"version-history":[{"count":0,"href":"https:\/\/zjarr.tv\/sq\/wp-json\/wp\/v2\/posts\/250670\/revisions"}],"wp:featuredmedia":[{"embeddable":true,"href":"https:\/\/zjarr.tv\/sq\/wp-json\/wp\/v2\/media\/250671"}],"wp:attachment":[{"href":"https:\/\/zjarr.tv\/sq\/wp-json\/wp\/v2\/media?parent=250670"}],"wp:term":[{"taxonomy":"category","embeddable":true,"href":"https:\/\/zjarr.tv\/sq\/wp-json\/wp\/v2\/categories?post=250670"},{"taxonomy":"post_tag","embeddable":true,"href":"https:\/\/zjarr.tv\/sq\/wp-json\/wp\/v2\/tags?post=250670"}],"curies":[{"name":"wp","href":"https:\/\/api.w.org\/{rel}","templated":true}]}}