{"id":251633,"date":"2022-04-15T17:36:37","date_gmt":"2022-04-15T15:36:37","guid":{"rendered":"https:\/\/zjarr.tv\/?p=251633"},"modified":"2022-04-15T17:36:37","modified_gmt":"2022-04-15T15:36:37","slug":"riktheni-xhupat-ne-garderobe-ulen-ndjeshem-temperaturat-ja-ku-do-te-kemi-reshje-bore","status":"publish","type":"post","link":"https:\/\/zjarr.tv\/sq\/riktheni-xhupat-ne-garderobe-ulen-ndjeshem-temperaturat-ja-ku-do-te-kemi-reshje-bore\/","title":{"rendered":"Riktheni xhupat n\u00eb garderob\u00eb, ulen ndjesh\u00ebm temperaturat, ja ku do t\u00eb kemi reshje bore"},"content":{"rendered":"<p>Dit\u00ebt me diell si duket nuk do t\u00eb zgjasin, pasi dit\u00ebn e nesm\u00ebrme gjat\u00eb mbr\u00ebmjes priten reshjet e shiut.<\/p>\n<p>E shtuna do t\u00eb filloj\u00eb e kthjell\u00ebt me vransira t\u00eb lehta dhe kalimtare, kryesisht n\u00eb jug dhe n\u00eb qend\u00ebr, m\u00eb pak n\u00eb veri. Por pas mesdit\u00eb priten reshjet e para, fillimisht n\u00eb zonat qendrore dhe m\u00eb pas n\u00eb jug dhe m\u00eb pas n\u00eb veri.<\/p>\n<p>Dit\u00ebn e diel do t\u00eb kemi nj\u00eb r\u00ebnie t\u00eb temperaturave dhe fuqiaim t\u00eb vran\u00ebsirave. Dita e h\u00ebn\u00eb dhe e marta fillojn\u00eb akoma m\u00eb t\u00eb fresk\u00ebta me 3-4 grad\u00eb r\u00ebnie nga e diela dhe me reshje d\u00ebbor\u00eb. S\u00ebrish zonat lindor\u00eb m\u00eb s\u00eb shumti do t\u00eb ken\u00eb reshje d\u00ebbore. Kor\u00e7a, Erseka mbase dhe Pogradeci do t\u00eb ken\u00eb reshje d\u00ebbor\u00eb gjat\u00eb dit\u00ebs s\u00eb h\u00ebn\u00eb dhe t\u00eb mart\u00eb.<\/p>\n<p>Prandaj n\u00ebse i keni hequr xhupat nga garderoba, ju duhet t\u2019i riktheni s\u00ebrish<\/p>\n","protected":false},"excerpt":{"rendered":"<p>Dit\u00ebt me diell si duket nuk do t\u00eb zgjasin, pasi dit\u00ebn e nesm\u00ebrme gjat\u00eb mbr\u00ebmjes priten reshjet e shiut. E shtuna do t\u00eb filloj\u00eb e kthjell\u00ebt me vransira t\u00eb lehta dhe kalimtare, kryesisht n\u00eb jug dhe n\u00eb qend\u00ebr, m\u00eb pak n\u00eb veri. Por pas mesdit\u00eb priten reshjet e para, fillimisht n\u00eb zonat qendrore dhe m\u00eb [&hellip;]<\/p>\n","protected":false},"author":2031,"featured_media":251635,"comment_status":"closed","ping_status":"closed","sticky":false,"template":"","format":"standard","meta":{"footnotes":""},"categories":[241,231,235],"tags":[],"class_list":{"0":"post-251633","1":"post","2":"type-post","3":"status-publish","4":"format-standard","5":"has-post-thumbnail","7":"category-aktualitet","8":"category-lajme","9":"category-vendi"},"_links":{"self":[{"href":"https:\/\/zjarr.tv\/sq\/wp-json\/wp\/v2\/posts\/251633","targetHints":{"allow":["GET"]}}],"collection":[{"href":"https:\/\/zjarr.tv\/sq\/wp-json\/wp\/v2\/posts"}],"about":[{"href":"https:\/\/zjarr.tv\/sq\/wp-json\/wp\/v2\/types\/post"}],"author":[{"embeddable":true,"href":"https:\/\/zjarr.tv\/sq\/wp-json\/wp\/v2\/users\/2031"}],"replies":[{"embeddable":true,"href":"https:\/\/zjarr.tv\/sq\/wp-json\/wp\/v2\/comments?post=251633"}],"version-history":[{"count":0,"href":"https:\/\/zjarr.tv\/sq\/wp-json\/wp\/v2\/posts\/251633\/revisions"}],"wp:featuredmedia":[{"embeddable":true,"href":"https:\/\/zjarr.tv\/sq\/wp-json\/wp\/v2\/media\/251635"}],"wp:attachment":[{"href":"https:\/\/zjarr.tv\/sq\/wp-json\/wp\/v2\/media?parent=251633"}],"wp:term":[{"taxonomy":"category","embeddable":true,"href":"https:\/\/zjarr.tv\/sq\/wp-json\/wp\/v2\/categories?post=251633"},{"taxonomy":"post_tag","embeddable":true,"href":"https:\/\/zjarr.tv\/sq\/wp-json\/wp\/v2\/tags?post=251633"}],"curies":[{"name":"wp","href":"https:\/\/api.w.org\/{rel}","templated":true}]}}