{"id":251677,"date":"2022-04-16T11:40:37","date_gmt":"2022-04-16T09:40:37","guid":{"rendered":"https:\/\/zjarr.tv\/?p=251677"},"modified":"2022-04-16T11:40:37","modified_gmt":"2022-04-16T09:40:37","slug":"qytetaret-marshojne-para-kryeministrise-protestojne-kunder-ndertimit-te-hec-it-ne-diber","status":"publish","type":"post","link":"https:\/\/zjarr.tv\/sq\/qytetaret-marshojne-para-kryeministrise-protestojne-kunder-ndertimit-te-hec-it-ne-diber\/","title":{"rendered":"Qytetar\u00ebt marshojn\u00eb para Kryeministris\u00eb, protestojn\u00eb kund\u00ebr nd\u00ebrtimit t\u00eb HEC-it n\u00eb Dib\u00ebr"},"content":{"rendered":"<p>Nj\u00eb grup qytetar\u00ebsh kan\u00eb marshuar k\u00ebt\u00eb t\u00eb shtun\u00eb para Kryeministris\u00eb, p\u00ebr t\u00eb protestuar kund\u00ebr nd\u00ebrtimit t\u00eb HEC-it n\u00eb Skavic\u00eb.  <\/p>\n<p>Me pankartat  \u201cZall Gjocaj \u00ebsht\u00eb me ne\u201d, \u201cSkavica = Genocid\u201d,  \u201cStop! K\u00ebtu jemi ne\u201d dhe \u201cJo Skavica Po Dibra\u201d ata jan\u00eb mbledhur para sheshit \u201cSk\u00ebnderbej\u201d p\u00ebr t\u00eb kund\u00ebrshtuar nd\u00ebrtimin e hidrocentralit.  <\/p>\n<p> Sipas qytetar\u00ebve, nd\u00ebrtimi i hidrocentralit t\u00eb Skavic\u00ebs do krijoj\u00eb p\u00ebrmbytje t\u00eb m\u00ebdha t\u00eb zon\u00ebs dhe do shkat\u00ebrroj\u00eb biodiversitetin, si dhe do t\u00eb detyroj\u00eb nj\u00eb pjes\u00eb t\u00eb madhe t\u00eb banor\u00ebve q\u00eb t\u00eb shp\u00ebrngulen.<\/p>\n","protected":false},"excerpt":{"rendered":"<p>Nj\u00eb grup qytetar\u00ebsh kan\u00eb marshuar k\u00ebt\u00eb t\u00eb shtun\u00eb para Kryeministris\u00eb, p\u00ebr t\u00eb protestuar kund\u00ebr nd\u00ebrtimit t\u00eb HEC-it n\u00eb Skavic\u00eb. Me pankartat \u201cZall Gjocaj \u00ebsht\u00eb me ne\u201d, \u201cSkavica = Genocid\u201d, \u201cStop! K\u00ebtu jemi ne\u201d dhe \u201cJo Skavica Po Dibra\u201d ata jan\u00eb mbledhur para sheshit \u201cSk\u00ebnderbej\u201d p\u00ebr t\u00eb kund\u00ebrshtuar nd\u00ebrtimin e hidrocentralit. Sipas qytetar\u00ebve, nd\u00ebrtimi i hidrocentralit [&hellip;]<\/p>\n","protected":false},"author":2031,"featured_media":251678,"comment_status":"closed","ping_status":"closed","sticky":false,"template":"","format":"standard","meta":{"footnotes":""},"categories":[241,231,235],"tags":[],"class_list":{"0":"post-251677","1":"post","2":"type-post","3":"status-publish","4":"format-standard","5":"has-post-thumbnail","7":"category-aktualitet","8":"category-lajme","9":"category-vendi"},"_links":{"self":[{"href":"https:\/\/zjarr.tv\/sq\/wp-json\/wp\/v2\/posts\/251677","targetHints":{"allow":["GET"]}}],"collection":[{"href":"https:\/\/zjarr.tv\/sq\/wp-json\/wp\/v2\/posts"}],"about":[{"href":"https:\/\/zjarr.tv\/sq\/wp-json\/wp\/v2\/types\/post"}],"author":[{"embeddable":true,"href":"https:\/\/zjarr.tv\/sq\/wp-json\/wp\/v2\/users\/2031"}],"replies":[{"embeddable":true,"href":"https:\/\/zjarr.tv\/sq\/wp-json\/wp\/v2\/comments?post=251677"}],"version-history":[{"count":0,"href":"https:\/\/zjarr.tv\/sq\/wp-json\/wp\/v2\/posts\/251677\/revisions"}],"wp:featuredmedia":[{"embeddable":true,"href":"https:\/\/zjarr.tv\/sq\/wp-json\/wp\/v2\/media\/251678"}],"wp:attachment":[{"href":"https:\/\/zjarr.tv\/sq\/wp-json\/wp\/v2\/media?parent=251677"}],"wp:term":[{"taxonomy":"category","embeddable":true,"href":"https:\/\/zjarr.tv\/sq\/wp-json\/wp\/v2\/categories?post=251677"},{"taxonomy":"post_tag","embeddable":true,"href":"https:\/\/zjarr.tv\/sq\/wp-json\/wp\/v2\/tags?post=251677"}],"curies":[{"name":"wp","href":"https:\/\/api.w.org\/{rel}","templated":true}]}}