{"id":251685,"date":"2022-04-16T11:53:54","date_gmt":"2022-04-16T09:53:54","guid":{"rendered":"https:\/\/zjarr.tv\/?p=251685"},"modified":"2022-04-16T11:54:14","modified_gmt":"2022-04-16T09:54:14","slug":"basha-president-spiropali-e-prere-ska-shanse-i-jane-falur-mundesite-dhe-i-ka-humbur","status":"publish","type":"post","link":"https:\/\/zjarr.tv\/sq\/basha-president-spiropali-e-prere-ska-shanse-i-jane-falur-mundesite-dhe-i-ka-humbur\/","title":{"rendered":"Basha PRESIDENT? Spiropali e PRER\u00cb: S\u2019ka shanse! I jan\u00eb falur mund\u00ebsit\u00eb dhe i ka humbur"},"content":{"rendered":"<p>Mbr\u00ebmjen e djeshme ministrja e Shtetit p\u00ebr Marr\u00ebdh\u00ebniet me Parlamentin, Elisa Spiropali, \u00ebsht\u00eb vendosur para disa emrave, t\u00eb cil\u00ebt mund t\u00eb propozohen p\u00ebr President t\u00eb vendit.<\/p>\n<p>Krah emrave t\u00eb njohur t\u00eb politik\u00ebs, ka qen\u00eb dhe ish-kryetari i Partis\u00eb Demokratike, Lulzim Basha, p\u00ebr t\u00eb cilin m\u00eb her\u00ebt edhe ish-kryeministri Sali Berisha tha se do t\u00eb jet\u00eb i propozuari i kryeministrit Rama p\u00ebr President.<\/p>\n<p>Spiropali me p\u00ebrgjigjen e dh\u00ebn\u00eb \u201cshuajti z\u00ebrat\u201d, duke th\u00ebn\u00eb se \u201cLulzim Basha nuk ka asnj\u00eb shans\u201d.<\/p>\n<p>Ministrja tha n\u00eb \u201cZon\u00eb e Lir\u00eb\u201d se ish-krut t\u00eb PD-s\u00eb i jan\u00eb dh\u00ebn\u00eb t\u00eb gjitha mund\u00ebsit\u00eb, mir\u00ebpo ai i ka humbur ato.<\/p>\n<p>\u201cErdhi rasti p\u00ebr t\u00eb qeshur. Dua nj\u00eb president t\u00eb hapur dhe jo t\u00eb mbyllur. Bash\u00ebs i jan\u00eb dh\u00ebn\u00eb t\u00eb gjitha shanset q\u00eb mund ti jepen nj\u00eb njeriu, I jan\u00eb dh\u00ebn\u00eb i jan\u00eb falur. M\u00eb shum\u00eb i jan\u00eb dh\u00ebn\u00eb se sa i ka marr\u00eb. I ka humbur t\u00eb gjitha rastet. Nuk ka asnj\u00eb shans. K\u00ebshtu si kall\u00ebp, me k\u00ebt\u00eb pamje ka vazhduar t\u00eb b\u00ebj\u00eb p\u00ebrpara. I ka humbur t\u00eb gjitha shanset. <\/p>\n<p>President, jo e jo\u201d, tha Spiropali.<\/p>\n","protected":false},"excerpt":{"rendered":"<p>Mbr\u00ebmjen e djeshme ministrja e Shtetit p\u00ebr Marr\u00ebdh\u00ebniet me Parlamentin, Elisa Spiropali, \u00ebsht\u00eb vendosur para disa emrave, t\u00eb cil\u00ebt mund t\u00eb propozohen p\u00ebr President t\u00eb vendit. Krah emrave t\u00eb njohur t\u00eb politik\u00ebs, ka qen\u00eb dhe ish-kryetari i Partis\u00eb Demokratike, Lulzim Basha, p\u00ebr t\u00eb cilin m\u00eb her\u00ebt edhe ish-kryeministri Sali Berisha tha se do t\u00eb jet\u00eb [&hellip;]<\/p>\n","protected":false},"author":2031,"featured_media":251686,"comment_status":"closed","ping_status":"closed","sticky":false,"template":"","format":"standard","meta":{"footnotes":""},"categories":[241,231,235],"tags":[],"class_list":{"0":"post-251685","1":"post","2":"type-post","3":"status-publish","4":"format-standard","5":"has-post-thumbnail","7":"category-aktualitet","8":"category-lajme","9":"category-vendi"},"_links":{"self":[{"href":"https:\/\/zjarr.tv\/sq\/wp-json\/wp\/v2\/posts\/251685","targetHints":{"allow":["GET"]}}],"collection":[{"href":"https:\/\/zjarr.tv\/sq\/wp-json\/wp\/v2\/posts"}],"about":[{"href":"https:\/\/zjarr.tv\/sq\/wp-json\/wp\/v2\/types\/post"}],"author":[{"embeddable":true,"href":"https:\/\/zjarr.tv\/sq\/wp-json\/wp\/v2\/users\/2031"}],"replies":[{"embeddable":true,"href":"https:\/\/zjarr.tv\/sq\/wp-json\/wp\/v2\/comments?post=251685"}],"version-history":[{"count":0,"href":"https:\/\/zjarr.tv\/sq\/wp-json\/wp\/v2\/posts\/251685\/revisions"}],"wp:featuredmedia":[{"embeddable":true,"href":"https:\/\/zjarr.tv\/sq\/wp-json\/wp\/v2\/media\/251686"}],"wp:attachment":[{"href":"https:\/\/zjarr.tv\/sq\/wp-json\/wp\/v2\/media?parent=251685"}],"wp:term":[{"taxonomy":"category","embeddable":true,"href":"https:\/\/zjarr.tv\/sq\/wp-json\/wp\/v2\/categories?post=251685"},{"taxonomy":"post_tag","embeddable":true,"href":"https:\/\/zjarr.tv\/sq\/wp-json\/wp\/v2\/tags?post=251685"}],"curies":[{"name":"wp","href":"https:\/\/api.w.org\/{rel}","templated":true}]}}