{"id":251690,"date":"2022-04-16T12:04:52","date_gmt":"2022-04-16T10:04:52","guid":{"rendered":"https:\/\/zjarr.tv\/?p=251690"},"modified":"2022-04-16T12:04:52","modified_gmt":"2022-04-16T10:04:52","slug":"jane-te-neveritshemmanjani-injoroj-teorite-qe-berisha-na-qenka-njesoj-si-basha-padyshim-bashizma-te-deshperuara","status":"publish","type":"post","link":"https:\/\/zjarr.tv\/sq\/jane-te-neveritshemmanjani-injoroj-teorite-qe-berisha-na-qenka-njesoj-si-basha-padyshim-bashizma-te-deshperuara\/","title":{"rendered":"\u201cJan\u00eb t\u00eb neveritsh\u00ebm\u201d,Manjani: Injoroj teorit\u00eb q\u00eb Berisha na qenka nj\u00ebsoj si Basha, padyshim bashizma t\u00eb d\u00ebshp\u00ebruara"},"content":{"rendered":"<p>Nga Ylli Manjani\/<\/p>\n<p>Pranoj pa shum\u00eb rrezistenc\u00eb kritik\u00ebn q\u00eb i b\u00ebhet Sali Berish\u00ebs sot. Padyshim kritika \u00ebsht\u00eb gjithmon\u00eb e merituar.<\/p>\n<p>Por q\u00eb t\u00eb m\u00eb mbush\u00eb mendjen Basha, se me demek u dashka hetuar Berisha p\u00ebr krimet e qeveris\u00eb s\u00eb Tij, ku vet\u00eb Basha ka qen\u00eb i pandehuri zyrtar i asaj qeverie, nuk ka shans.<\/p>\n<p>Sepse e mira e do n\u00eb fakt q\u00eb ato krime duhen rihetuar p\u00ebr t\u00eb gjith\u00eb ata q\u00eb i mbyll\u00ebn dosjet me procedur\u00eb e me hile. Dhe po, Saliu duhet t\u00eb d\u00ebshmoj\u00eb proceduralisht p\u00ebrse e mbrojti t\u00eb pandehurin Basha dhe ministrin e brendsh\u00ebm t\u00eb 21 janarit.<\/p>\n<p>Patjet\u00ebr q\u00eb po.<\/p>\n<p>Por mendjen nuk ma mbush dot boshi, i pandehuri kronik Lulzim Basha.<\/p>\n<p>As t\u00eb m\u00eb mbushin mendjen AliBash\u00ebt se PD nuk u bashkoka rreth Berish\u00ebs, nuk ka shans. Sepse Alibash\u00ebt jan\u00eb p\u00ebr\u00e7arja.<\/p>\n<p>Ashtu si\u00e7 zhulsat e zbokthi mediatik i ish PD q\u00eb mbrojn\u00eb blindimin e partis\u00eb dhe dhun\u00ebn kund\u00ebr an\u00ebtar\u00ebve t\u00eb saj, nuk ka asnj\u00eb shans.<\/p>\n<p>Natyrisht injoroj teorit\u00eb q\u00eb Berisha na qenka nj\u00ebsoj si Basha. I injoroj sepse k\u00ebto jan\u00eb Bashizma t\u00eb d\u00ebshp\u00ebruara.<\/p>\n<p>Berisha p\u00ebrshkak t\u00eb limiteve biologjike edhe mund t\u00eb mos fitoj\u00eb zgjedhje, por humb\u00ebsit kronik\u00eb q\u00eb t\u00eb vetmet fitore n\u00eb jet\u00eb i kan\u00eb nga Berisha, rrefuzoj ti d\u00ebgjoj.<\/p>\n<p>Mosmirnjohja \u00ebsht\u00eb lig\u00ebsi.<\/p>\n<p>Jan\u00eb t\u00eb neveritsh\u00ebm.<\/p>\n<p>*****<br \/>\nNd\u00ebrkoh\u00eb Berish\u00ebs un\u00eb sot i k\u00ebrkoj organizimin e koordinuar t\u00eb OPOZITARIZMIT.<\/p>\n<p>Boll me Bash\u00ebn, AliBash\u00ebt, zhulin e zbokthin p\u00ebrreth tyre.<\/p>\n","protected":false},"excerpt":{"rendered":"<p>Nga Ylli Manjani\/ Pranoj pa shum\u00eb rrezistenc\u00eb kritik\u00ebn q\u00eb i b\u00ebhet Sali Berish\u00ebs sot. Padyshim kritika \u00ebsht\u00eb gjithmon\u00eb e merituar. Por q\u00eb t\u00eb m\u00eb mbush\u00eb mendjen Basha, se me demek u dashka hetuar Berisha p\u00ebr krimet e qeveris\u00eb s\u00eb Tij, ku vet\u00eb Basha ka qen\u00eb i pandehuri zyrtar i asaj qeverie, nuk ka shans. Sepse [&hellip;]<\/p>\n","protected":false},"author":2031,"featured_media":183538,"comment_status":"closed","ping_status":"closed","sticky":false,"template":"","format":"standard","meta":{"footnotes":""},"categories":[241,364,231,235],"tags":[],"class_list":{"0":"post-251690","1":"post","2":"type-post","3":"status-publish","4":"format-standard","5":"has-post-thumbnail","7":"category-aktualitet","8":"category-koment-opinion","9":"category-lajme","10":"category-vendi"},"_links":{"self":[{"href":"https:\/\/zjarr.tv\/sq\/wp-json\/wp\/v2\/posts\/251690","targetHints":{"allow":["GET"]}}],"collection":[{"href":"https:\/\/zjarr.tv\/sq\/wp-json\/wp\/v2\/posts"}],"about":[{"href":"https:\/\/zjarr.tv\/sq\/wp-json\/wp\/v2\/types\/post"}],"author":[{"embeddable":true,"href":"https:\/\/zjarr.tv\/sq\/wp-json\/wp\/v2\/users\/2031"}],"replies":[{"embeddable":true,"href":"https:\/\/zjarr.tv\/sq\/wp-json\/wp\/v2\/comments?post=251690"}],"version-history":[{"count":0,"href":"https:\/\/zjarr.tv\/sq\/wp-json\/wp\/v2\/posts\/251690\/revisions"}],"wp:featuredmedia":[{"embeddable":true,"href":"https:\/\/zjarr.tv\/sq\/wp-json\/wp\/v2\/media\/183538"}],"wp:attachment":[{"href":"https:\/\/zjarr.tv\/sq\/wp-json\/wp\/v2\/media?parent=251690"}],"wp:term":[{"taxonomy":"category","embeddable":true,"href":"https:\/\/zjarr.tv\/sq\/wp-json\/wp\/v2\/categories?post=251690"},{"taxonomy":"post_tag","embeddable":true,"href":"https:\/\/zjarr.tv\/sq\/wp-json\/wp\/v2\/tags?post=251690"}],"curies":[{"name":"wp","href":"https:\/\/api.w.org\/{rel}","templated":true}]}}