{"id":251693,"date":"2022-04-16T12:12:12","date_gmt":"2022-04-16T10:12:12","guid":{"rendered":"https:\/\/zjarr.tv\/?p=251693"},"modified":"2022-04-16T12:12:12","modified_gmt":"2022-04-16T10:12:12","slug":"gezuar-pashken-arqipeshkevi-massafra-jo-vec-te-fuqishmit-po-secili-te-punoje-per-paqen","status":"publish","type":"post","link":"https:\/\/zjarr.tv\/sq\/gezuar-pashken-arqipeshkevi-massafra-jo-vec-te-fuqishmit-po-secili-te-punoje-per-paqen\/","title":{"rendered":"G\u00ebzuar Pashk\u00ebn! -Arqipeshk\u00ebvi Massafra: Jo ve\u00e7 t\u00eb fuqishmit, po secili t\u00eb punoj\u00eb p\u00ebr paqen!"},"content":{"rendered":"<p>Besimtar\u00ebt katolik\u00eb n\u00eb mbar\u00eb bot\u00ebn kremtojn\u00eb Pashk\u00ebt. Mesazhin e k\u00ebsaj dite e p\u00ebrcolli bashk\u00eb me urimet, Angelo Massafra OFM, Arqipeshk\u00ebv Metropolit i Shkod\u00ebr-Pult, President i Konferences Ipeshkvore t\u00eb Shqip\u00ebris\u00eb.<\/p>\n<p>T\u00eb dashur v\u00ebllez\u00ebr dhe motra!<\/p>\n<p>Jan\u00eb kthyer s\u00ebrish dit\u00ebt e fest\u00ebs s\u00eb madhe t\u00eb Pashk\u00ebs: ngjarja m\u00eb e r\u00ebnd\u00ebsishme fetare p\u00ebr ne t\u00eb krishter\u00ebt, ajo q\u00eb i jep kuptim dhe arsye fes\u00eb q\u00eb na b\u00ebn ta quajm\u00eb veten besimtar\u00eb n\u00eb Krishtin.<\/p>\n<p>Me Palin apostull pohojm\u00eb se &#8220;n\u00eb qoft\u00eb se me t\u00eb v\u00ebrtet\u00eb Krishti nuk \u00ebsht\u00eb ngjallur, (at\u00ebher\u00eb) i kot\u00eb \u00ebsht\u00eb predikimi yn\u00eb &#8211; i kot\u00eb besimi juaj&#8221; (krh. 1 Kor 15,14).<\/p>\n<p>Ngjallja e Jezusit \u00ebsht\u00eb garancia e hyjnis\u00eb s\u00eb tij, p\u00ebr k\u00ebt\u00eb e quajm\u00eb &#8220;Zot&#8221; dhe &#8220;Biri i Hyjit&#8221;, i cili ofroi jet\u00ebn e vet dhe e mori s\u00ebrish at\u00eb me fuqin\u00eb e krahut t\u00eb vet (krh. Gjn 10,17-18).<\/p>\n<p>Dhe ne shp\u00ebtojm\u00eb vet\u00ebm duke njohur dhe duke shpallur faktin q\u00eb Krishti \u00ebsht\u00eb Zot (krh. Rom 10,9).<\/p>\n<p>T\u00eb dashur v\u00ebllez\u00ebr dhe motra, sot m\u00eb shum\u00eb se kurr\u00eb duhet ta shpallim zot\u00ebrin\u00eb e Krishtit t\u00eb ngjallur n\u00eb k\u00ebto koh\u00eb kur po p\u00ebrshkojm\u00eb err\u00ebsir\u00ebn e vdekjes t\u00eb shkaktuar nga luft\u00ebrat q\u00eb po i v\u00ebn\u00eb flak\u00ebn planetit ton\u00eb, n\u00eb ve\u00e7anti nga lufta e pakuptueshme i Rusis\u00eb kund\u00ebr Ukrain\u00ebs, nd\u00ebrsa ende nuk kemi dal\u00eb p\u00ebrfundimisht nga err\u00ebsira e thell\u00eb e nj\u00eb pandemie globale.<\/p>\n<p>Dhe kjo p\u00ebr dy arsye: s\u00eb pari sepse njohja e p\u00ebrvuajt\u00eb e zot\u00ebris\u00eb s\u00eb Krishtit do t\u00eb thot\u00eb gjithashtu t\u00eb pranojm\u00eb se askush nuk mund t\u00eb dominoj\u00eb dhe mposht\u00eb t\u00eb tjer\u00ebt, pa u nd\u00ebshkuar, qoft\u00eb edhe n\u00eb em\u00ebr t\u00eb nj\u00eb ideologjie apo t\u00eb ndonj\u00eb mendimi politik.<\/p>\n<p> S\u00eb dyti, sepse Krishti i Ngjallur e ushtron zot\u00ebrin\u00eb e tij jo me dhun\u00eb, por duke sjell\u00eb dhurat\u00ebn e paqes. Mbr\u00ebmjen e Pashk\u00ebs, nx\u00ebn\u00ebsve t\u00eb mbledhur n\u00eb \u00c7enakull, t\u00eb mbyllur brenda nga frika, Jezusi u shfaqet dhe u uron paqen, u jep Shpirtin Shenjt dhe fuqin\u00eb p\u00ebr t\u00eb falur m\u00ebkatet (krh. Gjn 20,19-23).<\/p>\n<p>Paqja q\u00eb uron Jezusi i Ngjallur konsiston n\u00eb t\u00eb jetuarit e plot\u00eb t\u00eb prani t\u00eb Hyjit; Shpirti i dhuruar \u00ebsht\u00eb garancia e k\u00ebsaj pranie tek ata q\u00eb besojn\u00eb n\u00eb T\u00eb; fuqia p\u00ebr t\u00eb falur m\u00ebkatet \u00ebsht\u00eb kumtimi se Hyji \u00ebsht\u00eb m\u00ebshir\u00eb dhe d\u00ebshiron q\u00eb bijt\u00eb e tij ta jetojn\u00eb k\u00ebt\u00eb m\u00ebshir\u00eb, t\u00eb marr\u00eb dhe t\u00eb dh\u00ebn\u00eb.<\/p>\n<p> Pranimi i Krishtit t\u00eb Ngjallur si Zot i jet\u00ebs son\u00eb \u00ebsht\u00eb e gjith\u00eb kjo, por edhe fillimi i jet\u00ebs s\u00eb re, t\u00eb sh\u00ebnuar nga prania e Shpirtit shenjt\u00ebrues; \u00ebsht\u00eb edhe fillimi i marr\u00ebdh\u00ebnieve t\u00eb reja mes nesh, t\u00eb sh\u00ebnuara nga m\u00ebshira e nd\u00ebrsjell\u00eb.<\/p>\n<p>E kuptojm\u00eb se nuk mjafton t\u00eb b\u00ebjm\u00eb shpallje paqeje, por \u00ebsht\u00eb e nevojshme para s\u00eb gjithash t\u00eb kemi paqe n\u00eb zem\u00ebr; as nuk mjafton q\u00eb k\u00ebt\u00eb gj\u00eb ta b\u00ebjn\u00eb vet\u00ebm t\u00eb fuqishmit e tok\u00ebs: <\/p>\n<p>\u00ebsht\u00eb e nevojshme q\u00eb secili t\u00eb jetoj\u00eb dhe t\u00eb punoj\u00eb p\u00ebr paqen n\u00eb vetvete, n\u00eb sht\u00ebpin\u00eb e tij dhe n\u00eb vendet ku ndodhet.<\/p>\n<p>M\u00eb lejoni t\u00eb jem m\u00eb konkret: le t\u00eb heqim mllefin nga zemrat tona, t\u00eb heqim, nj\u00ebher\u00eb e p\u00ebrgjithmon\u00eb d\u00ebshir\u00ebn p\u00ebr t\u00eb shfryt\u00ebzuar tjetrin me ryshfet dhe korrupsion, le t\u00eb b\u00ebjm\u00eb secili detyr\u00ebn e vet me korrektes\u00eb, transparenc\u00eb e drejt\u00ebsi, pa k\u00ebrkuar asgj\u00eb q\u00eb nuk na takon me ligj n\u00eb \u00e7do sektor: n\u00eb pazar, n\u00eb shkolla, n\u00eb universitet, n\u00eb gjyqe dhe n\u00eb sektorin e sh\u00ebndet\u00ebsis\u00eb!<\/p>\n<p>T\u00eb jemi solidar\u00eb me m\u00eb nevojtar\u00ebt, si na fton Sh\u00ebn N\u00ebna Tereza jon\u00eb.<\/p>\n<p>T\u00eb dashur, ne, n\u00eb vend q\u00eb t\u00eb ankohemi gjithmon\u00eb ose t\u00eb braktisim Atdheun ton\u00eb, t\u00eb gjith\u00eb s\u00eb bashku e secili prej nesh t\u00eb veproj\u00eb n\u00eb m\u00ebnyr\u00eb q\u00eb Shqip\u00ebria jon\u00eb t\u00eb b\u00ebhet me e jetueshme!<\/p>\n<p>Prandaj, po u drejtoj k\u00ebt\u00eb apel t\u00eb p\u00ebrzem\u00ebrt t\u00eb gjith\u00eb besimtar\u00ebve n\u00eb Krishtin, juve t\u00eb cil\u00ebve ju arrin ky mesazh p\u00ebrsh\u00ebndet\u00ebs dhe t\u00eb gjith\u00eb burrave dhe grave vullnetmir\u00eb: t\u2019i lejojm\u00eb Krishtit t\u00eb Ngjallur q\u00eb t\u2019i kaloj\u00eb dyert e mbyllura t\u00eb &#8220;\u00e7enakujve&#8221; tan\u00eb t\u00eb ky\u00e7ur, t\u00eb zemrave tona t\u00eb frik\u00ebsuara, t\u00eb marr\u00ebdh\u00ebnieve tona t\u00eb s\u00ebmura nga pasigurit\u00eb dhe dyshimet.<\/p>\n<p>Mos kini frik\u00eb ta mikprisni At\u00eb q\u00eb d\u00ebshiron t\u00eb ulet n\u00eb tryez\u00eb me ju, jo p\u00ebr t\u00eb hequr di\u00e7ka nga tavolina juaj, por p\u00ebr t\u00eb dhuruar vetveten si ushqim dhe pije. Dhe at\u00ebher\u00eb Ai, i vetmi Zot dhe Shp\u00ebtimtar, do t&#8217;ju jap\u00eb bashk\u00eb me veten e tij edhe paqen e shum\u00ebd\u00ebshiruar, Shpirtin jet\u00ebdh\u00ebn\u00ebs dhe shenjt\u00ebrues, s\u00eb bashku me nj\u00eb jet\u00eb t\u00eb re plot dashuri t\u00eb m\u00ebshirshme.<\/p>\n<p>Ky apel \u00ebsht\u00eb edhe p\u00ebrmbajtja e urimeve t\u00eb mia t\u00eb sinqerta p\u00ebr k\u00ebt\u00eb solemnitet pashkvor.<\/p>\n<p>Bekimi i Krishtit t\u00eb Ngjallur, Zotit dhe Shp\u00ebtimtarit ton\u00eb, zbrit\u00eb me boll\u00ebk mbi ju, mbi familjet tuaja, mbi Kish\u00ebn ton\u00eb n\u00eb ecje sinodale, mbi shoq\u00ebrin\u00eb civile dhe mbi pushtetar\u00ebt tan\u00eb, por ve\u00e7an\u00ebrisht mbi t\u00eb s\u00ebmur\u00ebt dhe mbi ata q\u00eb jan\u00eb duke jetuar shqet\u00ebsimet e k\u00ebsaj kohe krize.<\/p>\n<p>U uroj: katolik\u00ebve, ortodoks\u00ebve dhe t\u00eb gjith\u00ebve t\u00eb krishter\u00ebve: G\u00ebzuar Pashk\u00ebn.<\/p>\n","protected":false},"excerpt":{"rendered":"<p>Besimtar\u00ebt katolik\u00eb n\u00eb mbar\u00eb bot\u00ebn kremtojn\u00eb Pashk\u00ebt. Mesazhin e k\u00ebsaj dite e p\u00ebrcolli bashk\u00eb me urimet, Angelo Massafra OFM, Arqipeshk\u00ebv Metropolit i Shkod\u00ebr-Pult, President i Konferences Ipeshkvore t\u00eb Shqip\u00ebris\u00eb. T\u00eb dashur v\u00ebllez\u00ebr dhe motra! Jan\u00eb kthyer s\u00ebrish dit\u00ebt e fest\u00ebs s\u00eb madhe t\u00eb Pashk\u00ebs: ngjarja m\u00eb e r\u00ebnd\u00ebsishme fetare p\u00ebr ne t\u00eb krishter\u00ebt, ajo q\u00eb [&hellip;]<\/p>\n","protected":false},"author":2031,"featured_media":251694,"comment_status":"closed","ping_status":"closed","sticky":false,"template":"","format":"standard","meta":{"footnotes":""},"categories":[241,231,235],"tags":[],"class_list":{"0":"post-251693","1":"post","2":"type-post","3":"status-publish","4":"format-standard","5":"has-post-thumbnail","7":"category-aktualitet","8":"category-lajme","9":"category-vendi"},"_links":{"self":[{"href":"https:\/\/zjarr.tv\/sq\/wp-json\/wp\/v2\/posts\/251693","targetHints":{"allow":["GET"]}}],"collection":[{"href":"https:\/\/zjarr.tv\/sq\/wp-json\/wp\/v2\/posts"}],"about":[{"href":"https:\/\/zjarr.tv\/sq\/wp-json\/wp\/v2\/types\/post"}],"author":[{"embeddable":true,"href":"https:\/\/zjarr.tv\/sq\/wp-json\/wp\/v2\/users\/2031"}],"replies":[{"embeddable":true,"href":"https:\/\/zjarr.tv\/sq\/wp-json\/wp\/v2\/comments?post=251693"}],"version-history":[{"count":0,"href":"https:\/\/zjarr.tv\/sq\/wp-json\/wp\/v2\/posts\/251693\/revisions"}],"wp:featuredmedia":[{"embeddable":true,"href":"https:\/\/zjarr.tv\/sq\/wp-json\/wp\/v2\/media\/251694"}],"wp:attachment":[{"href":"https:\/\/zjarr.tv\/sq\/wp-json\/wp\/v2\/media?parent=251693"}],"wp:term":[{"taxonomy":"category","embeddable":true,"href":"https:\/\/zjarr.tv\/sq\/wp-json\/wp\/v2\/categories?post=251693"},{"taxonomy":"post_tag","embeddable":true,"href":"https:\/\/zjarr.tv\/sq\/wp-json\/wp\/v2\/tags?post=251693"}],"curies":[{"name":"wp","href":"https:\/\/api.w.org\/{rel}","templated":true}]}}