{"id":251701,"date":"2022-04-16T13:39:16","date_gmt":"2022-04-16T11:39:16","guid":{"rendered":"https:\/\/zjarr.tv\/?p=251701"},"modified":"2022-04-16T13:39:16","modified_gmt":"2022-04-16T11:39:16","slug":"i-nderprene-fluturimin-mediat-greke-jehone-incidentit-te-rames-ne-avionin-e-kompanise-lufthansa","status":"publish","type":"post","link":"https:\/\/zjarr.tv\/sq\/i-nderprene-fluturimin-mediat-greke-jehone-incidentit-te-rames-ne-avionin-e-kompanise-lufthansa\/","title":{"rendered":"\u201cI nd\u00ebrpren\u00eb fluturimin\u201d, mediat greke jehon\u00eb incidentit t\u00eb Ram\u00ebs n\u00eb avionin e kompanis\u00eb Lufthansa"},"content":{"rendered":"<p>Mediat greke i kan\u00eb b\u00ebr\u00eb jehon\u00eb lajmit n\u00eb lidhje me incidentit e kryeministrit Edi Rama n\u00eb bordin e avionit t\u00eb Lufthansa-s n\u00eb dhjetor t\u00eb vitit t\u00eb kaluar.<\/p>\n<p>\u201cProtothema\u201d shkruan \u201cEdi Ram\u00ebs iu p\u00ebrplas porta n\u00eb fytyr\u00eb nga Lufthansa sepse nuk zbatoi rregullat\u201d.<\/p>\n<p>Sipas medias gjermane dhe u tha se Rama ka refuzuar t\u00eb zbatonte rregulloren dhe nuk ka pranuar t\u00eb vendos\u00eb mask\u00ebn gjat\u00eb udh\u00ebtimit nga Frankfurti drejt Detroit. Pasi nuk u bind n\u00eb fillim, ekuipazhi i avionit u detyrua t\u00eb th\u00ebrras\u00eb kapitenin p\u00ebr ndihm\u00eb, por s\u00ebrish kryeministri shqiptar nuk ka pranuar t\u00eb vendos\u00eb mask\u00ebn.<\/p>\n<p>Pas k\u00ebsaj, Rama u shoq\u00ebrua nga policia federale gjermane. Ka qen\u00eb nj\u00eb punonj\u00ebs i Ministris\u00eb s\u00eb Jashtme gjermane q\u00eb e ka bindur Ram\u00ebn t\u00eb vendos\u00eb mask\u00ebn, p\u00ebr t\u00eb vijuar fluturimin.<\/p>\n<p>\u201cEdi Rama shkaktoi nj\u00eb skandal gjat\u00eb val\u00ebs s\u00eb kat\u00ebrt t\u00eb pandemis\u00eb s\u00eb koronavirusit, pasi nuk donte t\u00eb mbante mask\u00eb. Kur edhe piloti nuk arriti t\u00eb zgjidhte mosmarr\u00ebveshjen, erdhi policia\u201d, thuhet n\u00eb botim e medias greke.<\/p>\n<p>Kujtojm\u00eb q\u00eb n\u00eb lidhje me k\u00ebt\u00eb lajm, dje reagoi edhe Drejtori i komunikimit n\u00eb Kryeministri, Endri Fuga, i cili tha se lajm \u00ebsht\u00eb i vjet\u00ebr dhe nuk ka t\u00eb b\u00ebj\u00eb me vendosjen e mask\u00ebs, por me sjelljen e pahijshme t\u00eb nj\u00ebrit prej an\u00ebtar\u00ebve t\u00eb ekuipazhit. Ai publikon edhe dokumentin ku kompania gjermane i k\u00ebrkon falje kryeministrit Rama.<\/p>\n","protected":false},"excerpt":{"rendered":"<p>Mediat greke i kan\u00eb b\u00ebr\u00eb jehon\u00eb lajmit n\u00eb lidhje me incidentit e kryeministrit Edi Rama n\u00eb bordin e avionit t\u00eb Lufthansa-s n\u00eb dhjetor t\u00eb vitit t\u00eb kaluar. \u201cProtothema\u201d shkruan \u201cEdi Ram\u00ebs iu p\u00ebrplas porta n\u00eb fytyr\u00eb nga Lufthansa sepse nuk zbatoi rregullat\u201d. Sipas medias gjermane dhe u tha se Rama ka refuzuar t\u00eb zbatonte rregulloren [&hellip;]<\/p>\n","protected":false},"author":2031,"featured_media":251702,"comment_status":"closed","ping_status":"closed","sticky":false,"template":"","format":"standard","meta":{"footnotes":""},"categories":[241,231,235],"tags":[],"class_list":{"0":"post-251701","1":"post","2":"type-post","3":"status-publish","4":"format-standard","5":"has-post-thumbnail","7":"category-aktualitet","8":"category-lajme","9":"category-vendi"},"_links":{"self":[{"href":"https:\/\/zjarr.tv\/sq\/wp-json\/wp\/v2\/posts\/251701","targetHints":{"allow":["GET"]}}],"collection":[{"href":"https:\/\/zjarr.tv\/sq\/wp-json\/wp\/v2\/posts"}],"about":[{"href":"https:\/\/zjarr.tv\/sq\/wp-json\/wp\/v2\/types\/post"}],"author":[{"embeddable":true,"href":"https:\/\/zjarr.tv\/sq\/wp-json\/wp\/v2\/users\/2031"}],"replies":[{"embeddable":true,"href":"https:\/\/zjarr.tv\/sq\/wp-json\/wp\/v2\/comments?post=251701"}],"version-history":[{"count":0,"href":"https:\/\/zjarr.tv\/sq\/wp-json\/wp\/v2\/posts\/251701\/revisions"}],"wp:featuredmedia":[{"embeddable":true,"href":"https:\/\/zjarr.tv\/sq\/wp-json\/wp\/v2\/media\/251702"}],"wp:attachment":[{"href":"https:\/\/zjarr.tv\/sq\/wp-json\/wp\/v2\/media?parent=251701"}],"wp:term":[{"taxonomy":"category","embeddable":true,"href":"https:\/\/zjarr.tv\/sq\/wp-json\/wp\/v2\/categories?post=251701"},{"taxonomy":"post_tag","embeddable":true,"href":"https:\/\/zjarr.tv\/sq\/wp-json\/wp\/v2\/tags?post=251701"}],"curies":[{"name":"wp","href":"https:\/\/api.w.org\/{rel}","templated":true}]}}