{"id":251713,"date":"2022-04-16T14:02:53","date_gmt":"2022-04-16T12:02:53","guid":{"rendered":"https:\/\/zjarr.tv\/?p=251713"},"modified":"2022-04-16T14:02:53","modified_gmt":"2022-04-16T12:02:53","slug":"xhelal-mziu-mbeshtet-platformen-e-alibeajt-bashkimi-i-pd-eshte-zgjidhja-e-vetme","status":"publish","type":"post","link":"https:\/\/zjarr.tv\/sq\/xhelal-mziu-mbeshtet-platformen-e-alibeajt-bashkimi-i-pd-eshte-zgjidhja-e-vetme\/","title":{"rendered":"Xhelal Mziu mb\u00ebshtet platform\u00ebn e Alibeajt: Bashkimi i PD \u00ebsht\u00eb zgjidhja e vetme"},"content":{"rendered":"<p>Kreu i Grupit Parlamentar t\u00eb PD, Enkelejd Alibeaj, ka prezantuar paraditen e k\u00ebsaj t\u00eb shtune platform\u00ebn e tij p\u00ebr bashkimin e demokrat\u00ebve. Referuar asaj q\u00eb ai tha, platforma ka marr\u00eb mb\u00ebshtetjen e t\u00eb pakt\u00ebn 14 deputet\u00ebve.<\/p>\n<p>List\u00ebs s\u00eb deputet\u00ebve q\u00eb mb\u00ebshtesin k\u00ebt\u00eb platform i \u00ebsht\u00eb bashkuar edhe deputeti Xhelal Mziu. Ai me an\u00eb t\u00eb nj\u00eb postimi n\u00eb rrjetet sociale shkruan se i bashkohet list\u00ebs dhe se bashkimi i PD \u00ebsht\u00eb e vetmja zgjidhje p\u00ebr t\u00eb qen\u00eb n\u00eb t\u00eb ardhme forc\u00eb qeveris\u00ebse.<\/p>\n<p>\u201cPartia Demokratike ka qen\u00eb dhe ngelet shpres\u00eb p\u00ebr demokrat\u00ebt dhe p\u00ebr \u00e7do shqiptar\u00eb! Bashkimi i Partis\u00eb Demokratike \u00ebsht\u00eb zgjidhja e vetme, q\u00eb nes\u00ebr t\u00eb jemi forc\u00eb qeveris\u00ebse! P\u00ebr shkak t\u00eb disa angazhimeve personale, kam munguar n\u00eb diskutimin e platform\u00ebs s\u00eb propozuar nga koleg\u00ebt deputet\u00eb t\u00eb grupit parlamentar t\u00eb PD.<\/p>\n<p>I bashkohem list\u00ebs s\u00eb deputet\u00ebve dhe mb\u00ebshtes k\u00ebt\u00eb platform\u00eb si rruga e duhur p\u00ebr \u00e7do demokrat\u00eb dhe shqiptar\u00eb, p\u00ebr nj\u00eb Shqip\u00ebri Evropiane nes\u00ebr\u201d shkruan Mziu n\u00eb postimin e tij.<\/p>\n","protected":false},"excerpt":{"rendered":"<p>Kreu i Grupit Parlamentar t\u00eb PD, Enkelejd Alibeaj, ka prezantuar paraditen e k\u00ebsaj t\u00eb shtune platform\u00ebn e tij p\u00ebr bashkimin e demokrat\u00ebve. Referuar asaj q\u00eb ai tha, platforma ka marr\u00eb mb\u00ebshtetjen e t\u00eb pakt\u00ebn 14 deputet\u00ebve. List\u00ebs s\u00eb deputet\u00ebve q\u00eb mb\u00ebshtesin k\u00ebt\u00eb platform i \u00ebsht\u00eb bashkuar edhe deputeti Xhelal Mziu. Ai me an\u00eb t\u00eb nj\u00eb [&hellip;]<\/p>\n","protected":false},"author":2031,"featured_media":160443,"comment_status":"closed","ping_status":"closed","sticky":false,"template":"","format":"standard","meta":{"footnotes":""},"categories":[241,231,235],"tags":[],"class_list":{"0":"post-251713","1":"post","2":"type-post","3":"status-publish","4":"format-standard","5":"has-post-thumbnail","7":"category-aktualitet","8":"category-lajme","9":"category-vendi"},"_links":{"self":[{"href":"https:\/\/zjarr.tv\/sq\/wp-json\/wp\/v2\/posts\/251713","targetHints":{"allow":["GET"]}}],"collection":[{"href":"https:\/\/zjarr.tv\/sq\/wp-json\/wp\/v2\/posts"}],"about":[{"href":"https:\/\/zjarr.tv\/sq\/wp-json\/wp\/v2\/types\/post"}],"author":[{"embeddable":true,"href":"https:\/\/zjarr.tv\/sq\/wp-json\/wp\/v2\/users\/2031"}],"replies":[{"embeddable":true,"href":"https:\/\/zjarr.tv\/sq\/wp-json\/wp\/v2\/comments?post=251713"}],"version-history":[{"count":0,"href":"https:\/\/zjarr.tv\/sq\/wp-json\/wp\/v2\/posts\/251713\/revisions"}],"wp:featuredmedia":[{"embeddable":true,"href":"https:\/\/zjarr.tv\/sq\/wp-json\/wp\/v2\/media\/160443"}],"wp:attachment":[{"href":"https:\/\/zjarr.tv\/sq\/wp-json\/wp\/v2\/media?parent=251713"}],"wp:term":[{"taxonomy":"category","embeddable":true,"href":"https:\/\/zjarr.tv\/sq\/wp-json\/wp\/v2\/categories?post=251713"},{"taxonomy":"post_tag","embeddable":true,"href":"https:\/\/zjarr.tv\/sq\/wp-json\/wp\/v2\/tags?post=251713"}],"curies":[{"name":"wp","href":"https:\/\/api.w.org\/{rel}","templated":true}]}}