{"id":251717,"date":"2022-04-16T14:17:18","date_gmt":"2022-04-16T12:17:18","guid":{"rendered":"https:\/\/zjarr.tv\/?p=251717"},"modified":"2022-04-16T14:17:18","modified_gmt":"2022-04-16T12:17:18","slug":"salianji-platforma-e-alibeaj-ka-qellim-te-ndaj-pd-ne-dy-parti","status":"publish","type":"post","link":"https:\/\/zjarr.tv\/sq\/salianji-platforma-e-alibeaj-ka-qellim-te-ndaj-pd-ne-dy-parti\/","title":{"rendered":"Salianji: \u2018Platforma\u2019 e Alibeaj ka q\u00ebllim t\u00eb ndaj PD n\u00eb dy parti!"},"content":{"rendered":"<p>Deputeti i PD-s\u00eb Ervin Salianji ka reaguar ashp\u00ebr pas prezantimit t\u00eb platform\u00ebs s\u00eb Enkelejd Alibeajt, e cila qart\u00eb sulmonte shumic\u00ebn e demokrat\u00ebve.<\/p>\n<p>Salianji e ka theksuar se kjo \u00ebsht\u00eb nj\u00eb deklarat\u00eb e nj\u00ebanshme pa marr\u00eb as dakort\u00ebsin\u00eb p\u00ebr publikim t\u00eb shum\u00eb prej koleg\u00ebve e p\u00ebr\u00e7an dhe ndan Partin\u00eb Demokratike, p\u00ebrforcon iden\u00eb q\u00eb ka llogore dhe i fryn ndasive q\u00eb ekzistojn\u00eb.<\/p>\n<p>\u2018Forma, m\u00ebnyra dhe p\u00ebrgatitja e k\u00ebtij dokukenti mbyllin rrug\u00ebn p\u00ebr \u00e7do diskutim t\u00eb p\u00ebrbashk\u00ebt dhe krijojn\u00eb premisat p\u00ebr ndarjen p\u00ebrfundimtare t\u00eb Partis\u00eb Demokratike! P\u00ebrgjegj\u00ebs p\u00ebr krijimin e 2 partive do t\u00eb jen\u00eb ata q\u00eb duksh\u00ebm po ven\u00eb interesat e p\u00ebrfitimeve personale mbi intereat e demokrat\u00ebve!\u2019, shkruan Salianji n\u00eb Facebook.  <\/p>\n<p>Postimi i plot\u00eb i Ervin Salianjit:<\/p>\n<p>\u00c7do deklarat\u00eb e nj\u00ebanshme pa marr\u00eb as dakort\u00ebsin\u00eb p\u00ebr publikim t\u00eb shum\u00eb prej koleg\u00ebve e p\u00ebr\u00e7an dhe ndan Partin\u00eb Demokratike, p\u00ebrforcon iden\u00eb q\u00eb ka llogore dhe i fryn ndasive q\u00eb ekzistojn\u00eb! Dokumenti i paraqitur \u00ebsht\u00eb t\u00ebr\u00ebsisht i ndryshem nga ai q\u00eb personalisht mu paraqit dje 5 minuta para konferenc\u00ebs s\u00eb anulluar p\u00ebr shtyp! <\/p>\n<p>Forma, m\u00ebnyra dhe p\u00ebrgatitja e k\u00ebtij dokukenti mbyllin rrug\u00ebn p\u00ebr \u00e7do diskutim t\u00eb p\u00ebrbashk\u00ebt dhe krijojn\u00eb premisat p\u00ebr ndarjen p\u00ebrfundimtare t\u00eb Partis\u00eb Demokratike!<\/p>\n<p>P\u00ebrgjegj\u00ebs p\u00ebr krijimin e 2 partive do t\u00eb jen\u00eb ata q\u00eb duksh\u00ebm po ven\u00eb interesat e p\u00ebrfitimeve personale mbi intereat e demokrat\u00ebve!<\/p>\n<p>Doreheqjet duke mos hequr dor\u00eb nuk jan\u00eb zgjidhje ashtu si \u00e7do pro\u00e7es i nj\u00ebansh\u00ebm \u00ebsht\u00eb i d\u00ebmsh\u00ebm p\u00ebr Partin\u00eb Demokratike!<\/p>\n<p>Pas deklarimit publik t\u00eb ketij dokumenti mbyllet dera p\u00ebr \u00e7do z\u00eb racional dhe p\u00ebr t\u00eb mbrojtur \u00e7do interes q\u00eb zgjedhjet brenda partis\u00eb t\u00eb jen\u00eb gjithp\u00ebrfshir\u00ebse!<\/p>\n<p>Koha do t\u00eb zbuloj\u00eb se si kjo deklarat\u00eb publike b\u00ebhet p\u00ebr interesa meskine, me stradegjin\u00eb e qart\u00eb qe Partia Demokratike t\u00eb ndahet dhe t\u00eb krijohen 2 parti!<\/p>\n<p>Ofertat publike apo ultimatumet jan\u00eb nj\u00eb gjuh\u00eb q\u00eb nuk i rrijn\u00eb p\u00ebr shtat as nj\u00eb komunikimi normal me kund\u00ebrshtarin politik dhe jo m\u00eb me pjes\u00ebtar\u00ebt e t\u00eb nj\u00ebjt\u00ebs familje politike. Forumet e partise aty jane, mungon vetem vullneti ne rastin me te mire apo akoma me keq synimi per ta ndare PD n\u00eb pjese!<\/p>\n<p>P\u00ebrgjegj\u00ebs do t\u00eb mbahen ata q\u00eb p\u00ebrpiqen t\u00eb mbajn\u00eb me thonj privilegje t\u00eb pamerituara dhe p\u00ebrfitime t\u00ebr\u00ebsisht personale!<\/p>\n","protected":false},"excerpt":{"rendered":"<p>Deputeti i PD-s\u00eb Ervin Salianji ka reaguar ashp\u00ebr pas prezantimit t\u00eb platform\u00ebs s\u00eb Enkelejd Alibeajt, e cila qart\u00eb sulmonte shumic\u00ebn e demokrat\u00ebve. Salianji e ka theksuar se kjo \u00ebsht\u00eb nj\u00eb deklarat\u00eb e nj\u00ebanshme pa marr\u00eb as dakort\u00ebsin\u00eb p\u00ebr publikim t\u00eb shum\u00eb prej koleg\u00ebve e p\u00ebr\u00e7an dhe ndan Partin\u00eb Demokratike, p\u00ebrforcon iden\u00eb q\u00eb ka llogore dhe [&hellip;]<\/p>\n","protected":false},"author":2031,"featured_media":251718,"comment_status":"closed","ping_status":"closed","sticky":false,"template":"","format":"standard","meta":{"footnotes":""},"categories":[241,231,235],"tags":[],"class_list":{"0":"post-251717","1":"post","2":"type-post","3":"status-publish","4":"format-standard","5":"has-post-thumbnail","7":"category-aktualitet","8":"category-lajme","9":"category-vendi"},"_links":{"self":[{"href":"https:\/\/zjarr.tv\/sq\/wp-json\/wp\/v2\/posts\/251717","targetHints":{"allow":["GET"]}}],"collection":[{"href":"https:\/\/zjarr.tv\/sq\/wp-json\/wp\/v2\/posts"}],"about":[{"href":"https:\/\/zjarr.tv\/sq\/wp-json\/wp\/v2\/types\/post"}],"author":[{"embeddable":true,"href":"https:\/\/zjarr.tv\/sq\/wp-json\/wp\/v2\/users\/2031"}],"replies":[{"embeddable":true,"href":"https:\/\/zjarr.tv\/sq\/wp-json\/wp\/v2\/comments?post=251717"}],"version-history":[{"count":0,"href":"https:\/\/zjarr.tv\/sq\/wp-json\/wp\/v2\/posts\/251717\/revisions"}],"wp:featuredmedia":[{"embeddable":true,"href":"https:\/\/zjarr.tv\/sq\/wp-json\/wp\/v2\/media\/251718"}],"wp:attachment":[{"href":"https:\/\/zjarr.tv\/sq\/wp-json\/wp\/v2\/media?parent=251717"}],"wp:term":[{"taxonomy":"category","embeddable":true,"href":"https:\/\/zjarr.tv\/sq\/wp-json\/wp\/v2\/categories?post=251717"},{"taxonomy":"post_tag","embeddable":true,"href":"https:\/\/zjarr.tv\/sq\/wp-json\/wp\/v2\/tags?post=251717"}],"curies":[{"name":"wp","href":"https:\/\/api.w.org\/{rel}","templated":true}]}}