{"id":251724,"date":"2022-04-16T15:50:44","date_gmt":"2022-04-16T13:50:44","guid":{"rendered":"https:\/\/zjarr.tv\/?p=251724"},"modified":"2022-04-16T15:50:44","modified_gmt":"2022-04-16T13:50:44","slug":"bardhi-ironizon-deklaraten-e-nokes-kush-kerkon-bashkimin-e-pd-qenka-vegel-e-rames-kush-e-percan-e-tmerron-fuqishem","status":"publish","type":"post","link":"https:\/\/zjarr.tv\/sq\/bardhi-ironizon-deklaraten-e-nokes-kush-kerkon-bashkimin-e-pd-qenka-vegel-e-rames-kush-e-percan-e-tmerron-fuqishem\/","title":{"rendered":"Bardhi ironizon deklarat\u00ebn e Nok\u00ebs: Kush k\u00ebrkon bashkimin e PD, qenka veg\u00ebl e Ram\u00ebs, kush e p\u00ebr\u00e7an, e tmerron fuqish\u00ebm"},"content":{"rendered":"<p>Deputeti demokrat Gazment Bardhi ka reaguar pas refuzimit t\u00eb platform\u00ebs p\u00ebr bashkimin e PD nga mb\u00ebshtet\u00ebsit e ish-kryeinistrit Sali Berisha.\u00a0 <\/p>\n<p>P\u00ebrmes nj\u00eb postimi n\u00eb Twitter, Bardhi ironizon deklarat\u00ebn e deputetit Flamur Noka, duke th\u00ebn\u00eb se: <\/p>\n<p>\u201cKush k\u00ebrkon bashkimin e demokrat\u00ebve \u00ebsht\u00eb \u201cveg\u00ebl\u201d e \u00a0Edi Ram\u00ebs, nd\u00ebrsa kush p\u00eb\u00e7an partin\u00eb, po tmerron fuqish\u00ebm at\u00eb\u201d. <\/p>\n<p>\u201cInteresant shum\u00eb edhe ky q\u00ebndrim: Kush k\u00ebrkon bashkimin e demokrat\u00ebve \u00ebsht\u00eb \u201cveg\u00ebl\u201d e ER; <\/p>\n<p>nd\u00ebrsa kush po p\u00ebr\u00e7an\u00eb partin\u00eb, po zvog\u00eblon partin\u00eb dhe po ec\u00ebn n\u00eb rrug\u00ebn e nj\u00ebanashm\u00ebris\u00eb, pa asnj\u00eb reflektim, po e \u201ctmerron\u201d dhe \u201clufton\u201d fuqish\u00ebm ER\u201d,\u00a0 shkruan Bardhi. <\/p>\n<p>M\u00eb her\u00ebt reagoi edhe Enkelejd Alibeaj, i cili u shpreh se refuzimi i platform\u00ebs s\u00eb bashkimit t\u00eb PD nuk i sh\u00ebrben aspak demokrat\u00ebve.<\/p>\n","protected":false},"excerpt":{"rendered":"<p>Deputeti demokrat Gazment Bardhi ka reaguar pas refuzimit t\u00eb platform\u00ebs p\u00ebr bashkimin e PD nga mb\u00ebshtet\u00ebsit e ish-kryeinistrit Sali Berisha.\u00a0 P\u00ebrmes nj\u00eb postimi n\u00eb Twitter, Bardhi ironizon deklarat\u00ebn e deputetit Flamur Noka, duke th\u00ebn\u00eb se: \u201cKush k\u00ebrkon bashkimin e demokrat\u00ebve \u00ebsht\u00eb \u201cveg\u00ebl\u201d e \u00a0Edi Ram\u00ebs, nd\u00ebrsa kush p\u00eb\u00e7an partin\u00eb, po tmerron fuqish\u00ebm at\u00eb\u201d. \u201cInteresant shum\u00eb [&hellip;]<\/p>\n","protected":false},"author":2031,"featured_media":209857,"comment_status":"closed","ping_status":"closed","sticky":false,"template":"","format":"standard","meta":{"footnotes":""},"categories":[241,231,235],"tags":[],"class_list":{"0":"post-251724","1":"post","2":"type-post","3":"status-publish","4":"format-standard","5":"has-post-thumbnail","7":"category-aktualitet","8":"category-lajme","9":"category-vendi"},"_links":{"self":[{"href":"https:\/\/zjarr.tv\/sq\/wp-json\/wp\/v2\/posts\/251724","targetHints":{"allow":["GET"]}}],"collection":[{"href":"https:\/\/zjarr.tv\/sq\/wp-json\/wp\/v2\/posts"}],"about":[{"href":"https:\/\/zjarr.tv\/sq\/wp-json\/wp\/v2\/types\/post"}],"author":[{"embeddable":true,"href":"https:\/\/zjarr.tv\/sq\/wp-json\/wp\/v2\/users\/2031"}],"replies":[{"embeddable":true,"href":"https:\/\/zjarr.tv\/sq\/wp-json\/wp\/v2\/comments?post=251724"}],"version-history":[{"count":0,"href":"https:\/\/zjarr.tv\/sq\/wp-json\/wp\/v2\/posts\/251724\/revisions"}],"wp:featuredmedia":[{"embeddable":true,"href":"https:\/\/zjarr.tv\/sq\/wp-json\/wp\/v2\/media\/209857"}],"wp:attachment":[{"href":"https:\/\/zjarr.tv\/sq\/wp-json\/wp\/v2\/media?parent=251724"}],"wp:term":[{"taxonomy":"category","embeddable":true,"href":"https:\/\/zjarr.tv\/sq\/wp-json\/wp\/v2\/categories?post=251724"},{"taxonomy":"post_tag","embeddable":true,"href":"https:\/\/zjarr.tv\/sq\/wp-json\/wp\/v2\/tags?post=251724"}],"curies":[{"name":"wp","href":"https:\/\/api.w.org\/{rel}","templated":true}]}}