{"id":251729,"date":"2022-04-16T16:45:08","date_gmt":"2022-04-16T14:45:08","guid":{"rendered":"https:\/\/zjarr.tv\/?p=251729"},"modified":"2022-04-16T16:45:08","modified_gmt":"2022-04-16T14:45:08","slug":"shqiperia-ne-udhekryqin-me-te-rrezikshem-te-saj-vasili-eshte-koha-kur-ndahen-gjerat","status":"publish","type":"post","link":"https:\/\/zjarr.tv\/sq\/shqiperia-ne-udhekryqin-me-te-rrezikshem-te-saj-vasili-eshte-koha-kur-ndahen-gjerat\/","title":{"rendered":"\u201cShqip\u00ebria n\u00eb udh\u00ebkryqin m\u00eb t\u00eb rreziksh\u00ebm t\u00eb saj\u201d, Vasili: \u00cbsht\u00eb koha kur ndahen gj\u00ebrat!"},"content":{"rendered":"<p>Nga Petrit Vasili<\/p>\n<p>Koha kur ndahen gj\u00ebrat!<\/p>\n<p>Shqiperia ne udhekryqin me te rrezikshem te saj.<\/p>\n<p>Qytetaret ne 6 mars e vune vulen e te vertetes ne Shkoder.<\/p>\n<p>Pakica e Rames dhe pakica tjeter e vules, megjithe parate pa fund dhe me plot deputete ne krah, humben dhe Shtepia e Lirise fitoi.<\/p>\n<p>Gjerat u ndane!!<\/p>\n<p>Shqiptaret nuk duan ti degjojne m\u00eb zerin perdredhjeve politike te sponsorizuara nga parate e rilindjes dhe nga deklarat e ambasadave, por duan vetem ata qe qendrojne perballe Edi Rames dhe qeverisjes se kriminalizuar te tij, qe po u shkaterron jeten dhe po i largon nga vendi i tyre.<\/p>\n<p>Shqiptaret nuk duan te degjojne m\u00eb deklarate te sponsorizuara nga pazare ekonomike individuale me Ramen.<\/p>\n<p>Gjerat jane shume te qarta!<\/p>\n<p>Sot sundon nje qeverisje trafiqesh kriminale ne vend te nje qeverisje te paster, qe lufton cdo fenomen kriminal.<\/p>\n<p>Sot sundon nje drejtesi e kapur per gryke nga qeveria dhe qe e mbron ate dhe nga ana tjeter godet egersisht qytetaret e thjeshte.<\/p>\n<p>Sot sundon ekonomia e kanabisit ne vend te ekonomise shumedeg\u00ebshe dhe ve\u00e7anerisht me turizem bujqesi,energjitike dhe shprese per te rinjte.<\/p>\n<p>Sot sundon lavatri\u00e7ja gjigande e parase se piset te krimit, droges e trafiqeve ne vend te bisnesit te ndershem qe zhvillohet e perparon sipas ekonomise se tregut.<\/p>\n<p>Sot sundojne oligarket e Rames, qe derrmojne shqiptaret me \u00e7mime shkaterrimtare, qe nuk kursejne as buken, ne vend te shtetit qe duhet ti mbronte ata.<\/p>\n<p>Gjerat jane ndare!<\/p>\n<p>Ndaj \u00e7do pakice dhe \u00e7do mandat deputeti opozitar, qe betejen me Ramen e zevendeson me ate kunder Shtepise se Lirise eshte thjesht e vetem nje mandat me shume ne krah te rilindjes. Por shume m\u00eb pa moral se rilindasit vet\u00eb, qe te pakten ndodhen se paku brenda batakut te tyre.<\/p>\n<p>\u00c7do pakic\u00eb qe sillet si atavizm\u00eb e gjymtyre e Edi Rames e ka fatin e paracaktuar nga shqiptaret.<\/p>\n<p>\u00c7do pakice si pjese e borderose rilindase te inceneratoreve e ka fatin te paracaktuar nga populli, qe do te jete ne landfillin e mbeturinave te historise.<\/p>\n<p>Gjerat jane ndare!<\/p>\n<p>Ose me popullin dhe kauzen e tij fisnike, sovrane e kombetare ose me bordellon politike te Edi Rames dhe klienteve te tij kriminel\u00eb,trafikant\u00eb e te korruptuar.<\/p>\n<p>Zgjedhje tjeter nuk ka!<\/p>\n","protected":false},"excerpt":{"rendered":"<p>Nga Petrit Vasili Koha kur ndahen gj\u00ebrat! Shqiperia ne udhekryqin me te rrezikshem te saj. Qytetaret ne 6 mars e vune vulen e te vertetes ne Shkoder. Pakica e Rames dhe pakica tjeter e vules, megjithe parate pa fund dhe me plot deputete ne krah, humben dhe Shtepia e Lirise fitoi. Gjerat u ndane!! Shqiptaret [&hellip;]<\/p>\n","protected":false},"author":2031,"featured_media":183257,"comment_status":"closed","ping_status":"closed","sticky":false,"template":"","format":"standard","meta":{"footnotes":""},"categories":[241,231,235],"tags":[],"class_list":{"0":"post-251729","1":"post","2":"type-post","3":"status-publish","4":"format-standard","5":"has-post-thumbnail","7":"category-aktualitet","8":"category-lajme","9":"category-vendi"},"_links":{"self":[{"href":"https:\/\/zjarr.tv\/sq\/wp-json\/wp\/v2\/posts\/251729","targetHints":{"allow":["GET"]}}],"collection":[{"href":"https:\/\/zjarr.tv\/sq\/wp-json\/wp\/v2\/posts"}],"about":[{"href":"https:\/\/zjarr.tv\/sq\/wp-json\/wp\/v2\/types\/post"}],"author":[{"embeddable":true,"href":"https:\/\/zjarr.tv\/sq\/wp-json\/wp\/v2\/users\/2031"}],"replies":[{"embeddable":true,"href":"https:\/\/zjarr.tv\/sq\/wp-json\/wp\/v2\/comments?post=251729"}],"version-history":[{"count":0,"href":"https:\/\/zjarr.tv\/sq\/wp-json\/wp\/v2\/posts\/251729\/revisions"}],"wp:featuredmedia":[{"embeddable":true,"href":"https:\/\/zjarr.tv\/sq\/wp-json\/wp\/v2\/media\/183257"}],"wp:attachment":[{"href":"https:\/\/zjarr.tv\/sq\/wp-json\/wp\/v2\/media?parent=251729"}],"wp:term":[{"taxonomy":"category","embeddable":true,"href":"https:\/\/zjarr.tv\/sq\/wp-json\/wp\/v2\/categories?post=251729"},{"taxonomy":"post_tag","embeddable":true,"href":"https:\/\/zjarr.tv\/sq\/wp-json\/wp\/v2\/tags?post=251729"}],"curies":[{"name":"wp","href":"https:\/\/api.w.org\/{rel}","templated":true}]}}