{"id":251745,"date":"2022-04-16T17:40:07","date_gmt":"2022-04-16T15:40:07","guid":{"rendered":"https:\/\/zjarr.tv\/?p=251745"},"modified":"2022-04-16T17:40:07","modified_gmt":"2022-04-16T15:40:07","slug":"fotot-nga-paparazzi-deputeti-shkon-me-kapele-ne-parlament","status":"publish","type":"post","link":"https:\/\/zjarr.tv\/sq\/fotot-nga-paparazzi-deputeti-shkon-me-kapele-ne-parlament\/","title":{"rendered":"Fotot nga paparazzi\/ Deputeti shkon me kapele n\u00eb Parlament"},"content":{"rendered":"<p>Dimri p\u00ebrfundoi, duke ia l\u00ebn\u00eb vendin nj\u00eb pranvere t\u00eb nxeht\u00eb. Temperaturat i kan\u00eb kaluar tashm\u00eb 20 grad\u00eb, duke paralajm\u00ebruar k\u00ebshtu stin\u00ebn e nxeht\u00eb.<\/p>\n<p>E natyrisht q\u00eb tashm\u00eb t\u00eb gjith\u00eb duhet t\u00eb kemi parasysh k\u00ebshillat p\u00ebr t\u00eb q\u00ebndruar t\u00eb hidratuar dhe mbi t\u00eb gjitha moshat m\u00eb t\u00eb m\u00ebdha t\u00eb ruhen nga temperaturat e larta. Ndon\u00ebse kemi ende koh\u00eb p\u00ebr dit\u00ebt p\u00ebrv\u00ebluese, deputeti i Partis\u00eb Socialiste \u2018i ka marr\u00eb masat\u2019.<\/p>\n<p>I zgjedhuri i qarkut t\u00eb Beratit, Fadil Nasufi, ka r\u00ebn\u00eb n\u00eb sy k\u00ebt\u00eb t\u00eb enjte, teksa \u00ebsht\u00eb paraqitur n\u00eb seanc\u00eb plenare me nj\u00eb kapele t\u00eb bardh\u00eb. Ve\u00e7 veshjes s\u00eb tij formale, deputeti mbante v\u00ebn\u00eb edhe nj\u00eb kapele sportive, si p\u00ebr t\u2019u ruajtur nga dielli. Normalisht, nj\u00eb pamje kjo disi e \u00e7uditshme p\u00ebr nj\u00eb ligjv\u00ebn\u00ebs, n\u00eb oborrin e Kuvendit.\/Panorama.com.al<\/p>\n","protected":false},"excerpt":{"rendered":"<p>Dimri p\u00ebrfundoi, duke ia l\u00ebn\u00eb vendin nj\u00eb pranvere t\u00eb nxeht\u00eb. Temperaturat i kan\u00eb kaluar tashm\u00eb 20 grad\u00eb, duke paralajm\u00ebruar k\u00ebshtu stin\u00ebn e nxeht\u00eb. E natyrisht q\u00eb tashm\u00eb t\u00eb gjith\u00eb duhet t\u00eb kemi parasysh k\u00ebshillat p\u00ebr t\u00eb q\u00ebndruar t\u00eb hidratuar dhe mbi t\u00eb gjitha moshat m\u00eb t\u00eb m\u00ebdha t\u00eb ruhen nga temperaturat e larta. Ndon\u00ebse kemi [&hellip;]<\/p>\n","protected":false},"author":2031,"featured_media":251746,"comment_status":"closed","ping_status":"closed","sticky":false,"template":"","format":"standard","meta":{"footnotes":""},"categories":[241,231,235],"tags":[],"class_list":{"0":"post-251745","1":"post","2":"type-post","3":"status-publish","4":"format-standard","5":"has-post-thumbnail","7":"category-aktualitet","8":"category-lajme","9":"category-vendi"},"_links":{"self":[{"href":"https:\/\/zjarr.tv\/sq\/wp-json\/wp\/v2\/posts\/251745","targetHints":{"allow":["GET"]}}],"collection":[{"href":"https:\/\/zjarr.tv\/sq\/wp-json\/wp\/v2\/posts"}],"about":[{"href":"https:\/\/zjarr.tv\/sq\/wp-json\/wp\/v2\/types\/post"}],"author":[{"embeddable":true,"href":"https:\/\/zjarr.tv\/sq\/wp-json\/wp\/v2\/users\/2031"}],"replies":[{"embeddable":true,"href":"https:\/\/zjarr.tv\/sq\/wp-json\/wp\/v2\/comments?post=251745"}],"version-history":[{"count":0,"href":"https:\/\/zjarr.tv\/sq\/wp-json\/wp\/v2\/posts\/251745\/revisions"}],"wp:featuredmedia":[{"embeddable":true,"href":"https:\/\/zjarr.tv\/sq\/wp-json\/wp\/v2\/media\/251746"}],"wp:attachment":[{"href":"https:\/\/zjarr.tv\/sq\/wp-json\/wp\/v2\/media?parent=251745"}],"wp:term":[{"taxonomy":"category","embeddable":true,"href":"https:\/\/zjarr.tv\/sq\/wp-json\/wp\/v2\/categories?post=251745"},{"taxonomy":"post_tag","embeddable":true,"href":"https:\/\/zjarr.tv\/sq\/wp-json\/wp\/v2\/tags?post=251745"}],"curies":[{"name":"wp","href":"https:\/\/api.w.org\/{rel}","templated":true}]}}