{"id":251753,"date":"2022-04-16T18:06:06","date_gmt":"2022-04-16T16:06:06","guid":{"rendered":"https:\/\/zjarr.tv\/?p=251753"},"modified":"2022-04-16T18:06:06","modified_gmt":"2022-04-16T16:06:06","slug":"zgjedhjet-lokale-te-2023-valteri-ps-fiton-pd-mbase-nuk-siguron-asnje-bashki","status":"publish","type":"post","link":"https:\/\/zjarr.tv\/sq\/zgjedhjet-lokale-te-2023-valteri-ps-fiton-pd-mbase-nuk-siguron-asnje-bashki\/","title":{"rendered":"Zgjedhjet lokale t\u00eb 2023, Valteri: PS fiton, PD mbase nuk siguron asnj\u00eb bashki."},"content":{"rendered":"<p>Ish deputeti , Halit Valteri n\u00ebp\u00ebrmjet nj\u00eb lidhje \u201cskype\u201d ka dh\u00ebn\u00eb nj\u00eb intervist\u00eb p\u00ebr studion e Fax News, ku ka folur lidhur me zhvillimet e fundit politike n\u00eb vend.<\/p>\n<p>I pyetur mbi akuzat q\u00eb deputeti Ornaldo Rakipi b\u00ebri ndaj Bash\u00ebs p\u00ebr shpalljen non-grata t\u00eb t\u00eb atit, Valteri u shpreh se besonte se kishte informacione se ish kryedemokrati ishte i p\u00ebrfshir\u00eb n\u00eb k\u00ebt\u00eb gj\u00eb.<\/p>\n<p>Nd\u00ebrsa sa i p\u00ebrket zgjedhjeve lokale t\u00eb vitit 2023, ku do t\u00eb angazhohet krah PS-s\u00eb, Valteri u shpreh se fitorja do t\u00eb ishte e padiskutueshme dhe se PD mund edhe mos t\u00eb fitonte asnj\u00eb bashki.<\/p>\n<p>Pyetje: Ornaldo Rakipi, djali i Aqif Rakipit akuzoi Lulzim Bash\u00ebn p\u00ebr l\u00ebvizje t\u00eb b\u00ebra n\u00eb m\u00ebnyr\u00eb q\u00eb babai i tij t\u00eb shpallej non-grata nga SHBA, ju \u00e7fr\u00eb mendimi keni p\u00ebr k\u00ebt\u00eb?<\/p>\n<p>Valteri: Ai \u00ebsht\u00eb mendimi i tij personal. Por p\u00ebrderisa e ka p\u00ebrmendur k\u00ebt\u00eb gj\u00eb, nuk besoj ta ket\u00eb th\u00ebn\u00eb kot, do t\u00eb thot\u00eb q\u00eb ka informacione. Luli k\u00ebt\u00eb pun\u00eb ka b\u00ebr\u00eb, nuk \u00ebsht\u00eb se ka b\u00ebr\u00eb ndonj\u00eb pun\u00eb tjet\u00ebr. Si\u00e7 b\u00ebri me Berish\u00ebn besoj se ka b\u00ebr\u00eb edhe me faktor\u00eb t\u00eb tjer\u00eb n\u00eb politik\u00eb.<\/p>\n<p>Zgjedhjet lokale t\u00eb vitit 2023:<\/p>\n<p>Valteri: Un\u00eb tashm\u00eb jam pjes\u00eb e partis\u00eb Socialiste, do presim t\u00eb na caktohen detyrat q\u00eb do na caktohen dhe do jemi n\u00eb vij\u00ebn e par\u00eb p\u00ebr t\u00eb b\u00ebr\u00eb p\u00ebrpjekje n\u00eb m\u00ebnyr\u00eb q\u00eb t\u00eb fitojm\u00eb. Nuk ka diskutim q\u00eb PS do fitoj\u00eb zgjedhjet n\u00eb vitin 2023. Shuma pak bashki, mund t\u00eb num\u00ebrohen me gishta p\u00ebr t\u00eb mos t\u00eb th\u00ebn\u00eb se PD nuk do mund t\u00eb fitoj\u00eb asnj\u00eb.<\/p>\n","protected":false},"excerpt":{"rendered":"<p>Ish deputeti , Halit Valteri n\u00ebp\u00ebrmjet nj\u00eb lidhje \u201cskype\u201d ka dh\u00ebn\u00eb nj\u00eb intervist\u00eb p\u00ebr studion e Fax News, ku ka folur lidhur me zhvillimet e fundit politike n\u00eb vend. I pyetur mbi akuzat q\u00eb deputeti Ornaldo Rakipi b\u00ebri ndaj Bash\u00ebs p\u00ebr shpalljen non-grata t\u00eb t\u00eb atit, Valteri u shpreh se besonte se kishte informacione se [&hellip;]<\/p>\n","protected":false},"author":2031,"featured_media":148363,"comment_status":"closed","ping_status":"closed","sticky":false,"template":"","format":"standard","meta":{"footnotes":""},"categories":[231,235],"tags":[],"class_list":{"0":"post-251753","1":"post","2":"type-post","3":"status-publish","4":"format-standard","5":"has-post-thumbnail","7":"category-lajme","8":"category-vendi"},"_links":{"self":[{"href":"https:\/\/zjarr.tv\/sq\/wp-json\/wp\/v2\/posts\/251753","targetHints":{"allow":["GET"]}}],"collection":[{"href":"https:\/\/zjarr.tv\/sq\/wp-json\/wp\/v2\/posts"}],"about":[{"href":"https:\/\/zjarr.tv\/sq\/wp-json\/wp\/v2\/types\/post"}],"author":[{"embeddable":true,"href":"https:\/\/zjarr.tv\/sq\/wp-json\/wp\/v2\/users\/2031"}],"replies":[{"embeddable":true,"href":"https:\/\/zjarr.tv\/sq\/wp-json\/wp\/v2\/comments?post=251753"}],"version-history":[{"count":0,"href":"https:\/\/zjarr.tv\/sq\/wp-json\/wp\/v2\/posts\/251753\/revisions"}],"wp:featuredmedia":[{"embeddable":true,"href":"https:\/\/zjarr.tv\/sq\/wp-json\/wp\/v2\/media\/148363"}],"wp:attachment":[{"href":"https:\/\/zjarr.tv\/sq\/wp-json\/wp\/v2\/media?parent=251753"}],"wp:term":[{"taxonomy":"category","embeddable":true,"href":"https:\/\/zjarr.tv\/sq\/wp-json\/wp\/v2\/categories?post=251753"},{"taxonomy":"post_tag","embeddable":true,"href":"https:\/\/zjarr.tv\/sq\/wp-json\/wp\/v2\/tags?post=251753"}],"curies":[{"name":"wp","href":"https:\/\/api.w.org\/{rel}","templated":true}]}}