{"id":251757,"date":"2022-04-16T18:13:24","date_gmt":"2022-04-16T16:13:24","guid":{"rendered":"https:\/\/zjarr.tv\/?p=251757"},"modified":"2022-04-16T18:13:24","modified_gmt":"2022-04-16T16:13:24","slug":"alibeaj-jep-pergjigjen-perfundimtare-berisha-nuk-do-te-jete-pjese-e-grupit-parlamentar","status":"publish","type":"post","link":"https:\/\/zjarr.tv\/sq\/alibeaj-jep-pergjigjen-perfundimtare-berisha-nuk-do-te-jete-pjese-e-grupit-parlamentar\/","title":{"rendered":"Alibeaj jep p\u00ebrgjigjen P\u00cbRFUNDIMTARE: Berisha nuk do t\u00eb jet\u00eb pjes\u00eb e Grupit Parlamentar!"},"content":{"rendered":"<p>Kryetari i Grupit Parlamentar, Enkelejd Alibeaj, ka dh\u00ebn\u00eb p\u00ebrgjigjen p\u00ebrfundimtare sa i p\u00ebrket, p\u00ebrfshirjes s\u00eb ish-kryeministrit Sali Berisha n\u00eb rradh\u00ebt e k\u00ebsaj partie.<\/p>\n<p>Ashtu si dhe kishte deklaruar m\u00eb her\u00ebt, Alibeaj ritheksoi dhe nj\u00ebher\u00eb se Sali Berisha nuk mund t\u00eb jet\u00eb pjes\u00eb e Grupit Parlamentar t\u00eb Partis\u00eb Demokratike, pasi ai \u00ebsht\u00eb shpallur \u201cNon-grata\u201d.<\/p>\n<p>Sipas Alibeajt, Partia Demokratike duhet t\u00eb ket\u00eb nj\u00eb marr\u00ebdh\u00ebnie t\u00eb mir\u00eb me aleatin strategjik, SHBA, dhe p\u00ebrfshirja e Berish\u00ebs c\u00ebnon k\u00ebto marr\u00ebdh\u00ebnie.<\/p>\n<p>\u201cNuk ka asnj\u00eb kuriozitet n\u00eb k\u00ebt\u00eb mes. Kjo \u00ebsht\u00eb p\u00ebrb\u00ebrja e Grupit Parlamentar. K\u00ebtu nuk kemi asnj\u00eb dyshim p\u00ebr ask\u00ebnd. Un\u00eb besoj q\u00eb \u00ebsht\u00eb e qart\u00eb fakti q\u00eb Berisha dihet fare mir\u00eb se ai ka nj\u00eb etiketim non grata nga SHBA. Nuk ka lidhje me deputetin apo individin Berisha, kjo \u00ebsht\u00eb nj\u00eb \u00e7\u00ebshtje q\u00eb marr\u00ebdh\u00ebniet q\u00eb PD duhet t\u00eb ket\u00eb me SHBA. Do t\u00eb duhet t\u00eb kuptojm\u00eb q\u00eb etiketimi si non grata I Berish\u00ebs \u00ebsht\u00eb nj\u00eb \u00e7\u00ebshtje q\u00eb c\u00ebnon marr\u00ebdh\u00ebniet q\u00eb PD duhet t\u00eb ket\u00eb me SHBA\u201d, tha Alibeaj.<\/p>\n","protected":false},"excerpt":{"rendered":"<p>Kryetari i Grupit Parlamentar, Enkelejd Alibeaj, ka dh\u00ebn\u00eb p\u00ebrgjigjen p\u00ebrfundimtare sa i p\u00ebrket, p\u00ebrfshirjes s\u00eb ish-kryeministrit Sali Berisha n\u00eb rradh\u00ebt e k\u00ebsaj partie. Ashtu si dhe kishte deklaruar m\u00eb her\u00ebt, Alibeaj ritheksoi dhe nj\u00ebher\u00eb se Sali Berisha nuk mund t\u00eb jet\u00eb pjes\u00eb e Grupit Parlamentar t\u00eb Partis\u00eb Demokratike, pasi ai \u00ebsht\u00eb shpallur \u201cNon-grata\u201d. Sipas Alibeajt, [&hellip;]<\/p>\n","protected":false},"author":2031,"featured_media":211895,"comment_status":"closed","ping_status":"closed","sticky":false,"template":"","format":"standard","meta":{"footnotes":""},"categories":[241,231,235],"tags":[],"class_list":{"0":"post-251757","1":"post","2":"type-post","3":"status-publish","4":"format-standard","5":"has-post-thumbnail","7":"category-aktualitet","8":"category-lajme","9":"category-vendi"},"_links":{"self":[{"href":"https:\/\/zjarr.tv\/sq\/wp-json\/wp\/v2\/posts\/251757","targetHints":{"allow":["GET"]}}],"collection":[{"href":"https:\/\/zjarr.tv\/sq\/wp-json\/wp\/v2\/posts"}],"about":[{"href":"https:\/\/zjarr.tv\/sq\/wp-json\/wp\/v2\/types\/post"}],"author":[{"embeddable":true,"href":"https:\/\/zjarr.tv\/sq\/wp-json\/wp\/v2\/users\/2031"}],"replies":[{"embeddable":true,"href":"https:\/\/zjarr.tv\/sq\/wp-json\/wp\/v2\/comments?post=251757"}],"version-history":[{"count":0,"href":"https:\/\/zjarr.tv\/sq\/wp-json\/wp\/v2\/posts\/251757\/revisions"}],"wp:featuredmedia":[{"embeddable":true,"href":"https:\/\/zjarr.tv\/sq\/wp-json\/wp\/v2\/media\/211895"}],"wp:attachment":[{"href":"https:\/\/zjarr.tv\/sq\/wp-json\/wp\/v2\/media?parent=251757"}],"wp:term":[{"taxonomy":"category","embeddable":true,"href":"https:\/\/zjarr.tv\/sq\/wp-json\/wp\/v2\/categories?post=251757"},{"taxonomy":"post_tag","embeddable":true,"href":"https:\/\/zjarr.tv\/sq\/wp-json\/wp\/v2\/tags?post=251757"}],"curies":[{"name":"wp","href":"https:\/\/api.w.org\/{rel}","templated":true}]}}